{"id":98677,"date":"2013-12-01T14:06:31","date_gmt":"2013-12-01T14:06:31","guid":{"rendered":"http:\/\/diariodominicano.ddns.net\/?p=98677"},"modified":"2013-12-01T14:06:31","modified_gmt":"2013-12-01T14:06:31","slug":"la-aird-sorprendida-y-preocupada-por-la-aplicacion-de-la-ordenanza-que-regula-el-transito-de-vehiculos-pesados-en-la-avenida-george-washington","status":"publish","type":"post","link":"https:\/\/diariodominicano.com\/?p=98677","title":{"rendered":"La AIRD: sorprendida y preocupada por la aplicaci\u00f3n de la ordenanza que regula el tr\u00e1nsito de veh\u00edculos pesados en la avenida George Washington &#13;"},"content":{"rendered":"<p><body><\/p>\n<p><img decoding=\"async\" src=\"img3\/circe.jpg\" \/><br \/><img decoding=\"async\" src=\"img3\/cirse000.jpg\" \/>  <\/p>\n<p><span class=\"text1noticias\">SANTO DOMINGO, DN, RD,  1 de Diciembre.- La Asociaci\u00f3n de Industrias de la Rep\u00fablica Dominicana (AIRD) mostr\u00f3 su sorpresa y a la vez su preocupaci\u00f3n del inicio, sin previo aviso, de la aplicaci\u00f3n de la Ordenanza No. 11\/2012, de fecha 19 de diciembre de 2012 de la Sala Capitular del Ayuntamiento del Distrito Nacional, la cual regula el tr\u00e1nsito de veh\u00edculos pesados en la Avenida George Washington, desde la intersecci\u00f3n con la Avenida M\u00e1ximo G\u00f3mez, en el Paseo Padre Billini, hasta la Arzobispo Meri\u00f1o.<\/span><\/p>\n<p><span class=\"text1noticias\"> <\/span><\/p>\n<p><span class=\"text1noticias\">De acuerdo a informaciones recibidas de sus empresas asociadas ya la medida comenz\u00f3 a aplicarse, el tramo tiene se\u00f1alizaciones y la Autoridad Metropolitana de Transporte (AMET) est\u00e1 impidiendo el paso de veh\u00edculos pesados por el Malec\u00f3n, lo que les ha ocasionado retrasos en las entregas de las mercanc\u00edas y aumento del gasto en combustibles y otros costos de transporte por el uso de otras rutas m\u00e1s largas y congestionadas para el transporte de la carga.<\/span><\/p>\n<p><span class=\"text1noticias\"> <\/span><\/p>\n<p><span class=\"text1noticias\">Circe Alm\u00e1nzar, vicepresidenta ejecutiva de la AIRD, expres\u00f3 su preocupaci\u00f3n ya que desde el principio de este a\u00f1o la instituci\u00f3n acercado y se ha reunido con las autoridades del Ayuntamiento para hacerles una serie de se\u00f1alamientos y solicitarles la aplicaci\u00f3n de una serie de medidas complementarias  necesarias antes del inicio de la implementaci\u00f3n de la ordenanza, las cuales no se han tomado en cuenta por las autoridades, tales como las siguientes:<\/span><\/p>\n<p><span class=\"text1noticias\"> <\/span><\/p>\n<p><span class=\"text1noticias\">1.    Establecimiento de las rutas alternas en el Distrito Nacional para el tr\u00e1nsito de los veh\u00edculos pesados.<\/span><\/p>\n<\/p>\n<p><span class=\"text1noticias\">2.    Elaboraci\u00f3n del procedimiento para la solicitud, emisi\u00f3n y uso de la Carta de Ruta.<\/span><\/p>\n<p><span class=\"text1noticias\">3.    Establecimiento del Registro \u00danico de Transporte de Carga.<\/span><\/p>\n<\/p>\n<p><span class=\"text1noticias\">4.    Actualizaci\u00f3n del Reglamento No. 156 sobre Dimensiones, Pesos y Cargas de los Veh\u00edculos que se autorizan a transitar por la v\u00eda p\u00fablica del Ministerio de Obras P\u00fablicas (MOP).<\/span><\/p>\n<\/p>\n<p><span class=\"text1noticias\">5.    Definici\u00f3n del tratamiento a otorgar en materia de transporte de carga al Puerto de Santo Domingo, entre otras.<\/span><\/p>\n<p><span class=\"text1noticias\"> <\/span><\/p>\n<p><span class=\"text1noticias\"> Se\u00f1al\u00f3 que se acord\u00f3 que previo a la aplicaci\u00f3n de la normativa, se realizar\u00e1n proyectos pilotos con un grupo de empresas representativas de cada subsector industrial, con el objetivo de ir afinando en la pr\u00e1ctica la implementaci\u00f3n de la norma y as\u00ed buscar la mejor forma de llevar a cabo esta regulaci\u00f3n de las rutas, zonas y horarios del transporte de Carga en el Distrito Nacional. Sin embargo, dichos proyectos pilotos apenas se ejecutaron en su fase inicial\u00bb.<\/span><\/p>\n<p><span class=\"text1noticias\"> <\/span><\/p>\n<p><span class=\"text1noticias\"> <\/span><\/p>\n<\/p>\n<h6> 2013-12-01 14:06:31 <\/h6>\n<p><!--\n<link rel=\"stylesheet\" href=\"css\/bootstrap.min.css\">\n\n\n<ul class=\"pagination\">\n\t    \n\t\n\n<li >\n\t<a href='?page_no=14209'>Previous<\/a>\n\t<\/li>\n\n\n       \n    \n\n<li><a href='?page_no=1'>1<\/a><\/li>\n\n\n\n<li><a href='?page_no=2'>2<\/a><\/li>\n\n\n\n<li><a>...<\/a><\/li>\n\n\n\n<li><a href='?page_no=14208'>14208<\/a><\/li>\n\n\n\n<li><a href='?page_no=14209'>14209<\/a><\/li>\n\n\n\n<li class='active'><a>14210<\/a><\/li>\n\n\n\n<li><a href='?page_no=14211'>14211<\/a><\/li>\n\n\n\n<li><a href='?page_no=14212'>14212<\/a><\/li>\n\n\n\n<li><a>...<\/a><\/li>\n\n\n\n<li><a href='?page_no=30472'>30472<\/a><\/li>\n\n\n\n<li><a href='?page_no=30473'>30473<\/a><\/li>\n\n    \n\t\n\n<li >\n\t<a href='?page_no=14211'>Next<\/a>\n\t<\/li>\n\n\n    \n\n<li><a href='?page_no=30473'>Last &rsaquo;&rsaquo;<\/a><\/li>\n\n<\/ul>\n\n\n--><br \/>\n<\/body><\/p>\n","protected":false},"excerpt":{"rendered":"<p>SANTO DOMINGO, DN, RD, 1 de Diciembre.- La Asociaci\u00f3n de Industrias de la Rep\u00fablica Dominicana (AIRD) mostr\u00f3 su sorpresa y a la vez su preocupaci\u00f3n del inicio, sin previo aviso, de la aplicaci\u00f3n de la Ordenanza No. 11\/2012, de fecha 19 de diciembre de 2012 de la Sala Capitular del Ayuntamiento del Distrito Nacional, la [&hellip;]<\/p>\n","protected":false},"author":3,"featured_media":0,"comment_status":"open","ping_status":"open","sticky":false,"template":"","format":"standard","meta":{"footnotes":""},"categories":[18],"tags":[],"class_list":["post-98677","post","type-post","status-publish","format-standard","hentry","category-economia"],"_links":{"self":[{"href":"https:\/\/diariodominicano.com\/index.php?rest_route=\/wp\/v2\/posts\/98677","targetHints":{"allow":["GET"]}}],"collection":[{"href":"https:\/\/diariodominicano.com\/index.php?rest_route=\/wp\/v2\/posts"}],"about":[{"href":"https:\/\/diariodominicano.com\/index.php?rest_route=\/wp\/v2\/types\/post"}],"author":[{"embeddable":true,"href":"https:\/\/diariodominicano.com\/index.php?rest_route=\/wp\/v2\/users\/3"}],"replies":[{"embeddable":true,"href":"https:\/\/diariodominicano.com\/index.php?rest_route=%2Fwp%2Fv2%2Fcomments&post=98677"}],"version-history":[{"count":0,"href":"https:\/\/diariodominicano.com\/index.php?rest_route=\/wp\/v2\/posts\/98677\/revisions"}],"wp:attachment":[{"href":"https:\/\/diariodominicano.com\/index.php?rest_route=%2Fwp%2Fv2%2Fmedia&parent=98677"}],"wp:term":[{"taxonomy":"category","embeddable":true,"href":"https:\/\/diariodominicano.com\/index.php?rest_route=%2Fwp%2Fv2%2Fcategories&post=98677"},{"taxonomy":"post_tag","embeddable":true,"href":"https:\/\/diariodominicano.com\/index.php?rest_route=%2Fwp%2Fv2%2Ftags&post=98677"}],"curies":[{"name":"wp","href":"https:\/\/api.w.org\/{rel}","templated":true}]}}