{"id":98674,"date":"2013-12-01T15:29:20","date_gmt":"2013-12-01T15:29:20","guid":{"rendered":"http:\/\/diariodominicano.ddns.net\/?p=98674"},"modified":"2013-12-01T15:29:20","modified_gmt":"2013-12-01T15:29:20","slug":"reconocen-a-manuel-garcia-arevalo-por-labor-empresarial","status":"publish","type":"post","link":"https:\/\/diariodominicano.com\/?p=98674","title":{"rendered":"Reconocen a Manuel Garc\u00eda Ar\u00e9valo por labor empresarial"},"content":{"rendered":"<p><body><\/p>\n<p><img decoding=\"async\" src=\"img3\/manuel.jpg\" \/>  <\/p>\n<p><span class=\"text1noticias\">Panam\u00e1, 1 de Diciembre.-Manuel Garc\u00eda Ar\u00e9valo fue reconocido en Panam\u00e1 por el Consejo Empresarial de Am\u00e9rica Latina (CEAL), junto a otros reconocidos empresarios de Am\u00e9rica Latina y Espa\u00f1a.<\/span><\/p>\n<\/p>\n<p><span class=\"text1noticias\">Garc\u00eda Ar\u00e9valo recibi\u00f3 el galard\u00f3n por su \u00abloable labor social y por el apoyo a los objetivos de integraci\u00f3n y al desarrollo socioecon\u00f3mico a la comunidad iberoamericana\u00bb, y fue entregado por Samuel Urrutia Cantoral, presidente internacional del CEAL.<\/span><\/p>\n<\/p>\n<p><span class=\"text1noticias\">En el evento, que aglutin\u00f3 a la c\u00fapula del empresariado de la regi\u00f3n, tambi\u00e9n particip\u00f3 el ministro de Industria y Comercio de Rep\u00fablica Dominicana, Jos\u00e9 Del Castillo Savi\u00f1\u00f3n, quien intervino en los paneles de expositores con el t\u00edtulo \u00abLa movilidad como elemento clave para la competitividad\u00bb.<\/span><\/p>\n<\/p>\n<p><span class=\"text1noticias\">Adem\u00e1s, asistieron como invitados especiales los empresarios Gustavo Manuel Mart\u00ednez y Samuel de Moya, miembros del cap\u00edtulo dominicano del CEAL.<\/span><\/p>\n<\/p>\n<p><span class=\"text1noticias\">Otros reconocidos fueron los empresarios Ricardo Esp\u00edritu Santo, de BES Investo Do Brasil; Emilio Azc\u00e1rraga, de Televisa, M\u00e9xico; Roberto Zamora de Lafise Group, de Miami; Lorenzo Mendoza de Empresas Polar, de Venezuela; Antonio Brufau de Repsol, de Espa\u00f1a y Aluizio de Araujo de Odebrecht, de Brasil, entre otros.<\/span><\/p>\n<\/p>\n<p><span class=\"text1noticias\">El galard\u00f3n reconoce la labor social realizada en la regi\u00f3n, que impacta positivamente en el desarrollo de las comunidades, y se llev\u00f3 a cabo en el IX Encuentro Empresarial Iberoamericano (EEI), que sirve de antesala a la Cumbre Iberoamericana de Jefes de Estado y Gobierno, celebrada en Panam\u00e1 con motivo de los 100 a\u00f1os de la apertura del canal transoce\u00e1nico.<\/span><\/p>\n<\/p>\n<p><span class=\"text1noticias\">El IX Encuentro Empresarial Iberoamericano cont\u00f3 con la presencia del Pr\u00edncipe de Asturias, don Felipe de Borb\u00f3n; del presidente del Gobierno de Espa\u00f1a, Mariano Rajoy y de los presidentes Ricardo Martinelli, de Panam\u00e1; Danilo Medina, de Rep\u00fablica Dominicana; Horacio Cartes, de Paraguay; Enrique Iglesias, secretario general Iberoamericano, y Luis Moreno, presidente del Banco Interamericano de Desarrollo (BID), entre otras autoridades pol\u00edticas y empresariales.<\/span><\/p>\n<\/p>\n<p><span class=\"text1noticias\">Manuel Garc\u00eda Ar\u00e9valo es director de la empresa Global Brands y ex presidente de Ambev Dominicana. Fue Ministro de Industria y Comercio entre 2011 y 2012, as\u00ed como pasado presidente de la C\u00e1mara Oficial Espa\u00f1ola de Comercio, Industria y Turismo de la Rep\u00fablica Dominicana y de la Red Nacional de Apoyo Empresarial a la Protecci\u00f3n Ambiental (ECORED).(HG)<\/span>.<\/p>\n<h6> 2013-12-01 15:29:20 <\/h6>\n<p><!--\n<link rel=\"stylesheet\" href=\"css\/bootstrap.min.css\">\n\n\n<ul class=\"pagination\">\n\t    \n\t\n\n<li >\n\t<a href='?page_no=14207'>Previous<\/a>\n\t<\/li>\n\n\n       \n    \n\n<li><a href='?page_no=1'>1<\/a><\/li>\n\n\n\n<li><a href='?page_no=2'>2<\/a><\/li>\n\n\n\n<li><a>...<\/a><\/li>\n\n\n\n<li><a href='?page_no=14206'>14206<\/a><\/li>\n\n\n\n<li><a href='?page_no=14207'>14207<\/a><\/li>\n\n\n\n<li class='active'><a>14208<\/a><\/li>\n\n\n\n<li><a href='?page_no=14209'>14209<\/a><\/li>\n\n\n\n<li><a href='?page_no=14210'>14210<\/a><\/li>\n\n\n\n<li><a>...<\/a><\/li>\n\n\n\n<li><a href='?page_no=30472'>30472<\/a><\/li>\n\n\n\n<li><a href='?page_no=30473'>30473<\/a><\/li>\n\n    \n\t\n\n<li >\n\t<a href='?page_no=14209'>Next<\/a>\n\t<\/li>\n\n\n    \n\n<li><a href='?page_no=30473'>Last &rsaquo;&rsaquo;<\/a><\/li>\n\n<\/ul>\n\n\n--><br \/>\n<\/body><\/p>\n","protected":false},"excerpt":{"rendered":"<p>Panam\u00e1, 1 de Diciembre.-Manuel Garc\u00eda Ar\u00e9valo fue reconocido en Panam\u00e1 por el Consejo Empresarial de Am\u00e9rica Latina (CEAL), junto a otros reconocidos empresarios de Am\u00e9rica Latina y Espa\u00f1a. Garc\u00eda Ar\u00e9valo recibi\u00f3 el galard\u00f3n por su \u00abloable labor social y por el apoyo a los objetivos de integraci\u00f3n y al desarrollo socioecon\u00f3mico a la comunidad iberoamericana\u00bb, [&hellip;]<\/p>\n","protected":false},"author":3,"featured_media":0,"comment_status":"open","ping_status":"open","sticky":false,"template":"","format":"standard","meta":{"footnotes":""},"categories":[18],"tags":[],"class_list":["post-98674","post","type-post","status-publish","format-standard","hentry","category-economia"],"_links":{"self":[{"href":"https:\/\/diariodominicano.com\/index.php?rest_route=\/wp\/v2\/posts\/98674","targetHints":{"allow":["GET"]}}],"collection":[{"href":"https:\/\/diariodominicano.com\/index.php?rest_route=\/wp\/v2\/posts"}],"about":[{"href":"https:\/\/diariodominicano.com\/index.php?rest_route=\/wp\/v2\/types\/post"}],"author":[{"embeddable":true,"href":"https:\/\/diariodominicano.com\/index.php?rest_route=\/wp\/v2\/users\/3"}],"replies":[{"embeddable":true,"href":"https:\/\/diariodominicano.com\/index.php?rest_route=%2Fwp%2Fv2%2Fcomments&post=98674"}],"version-history":[{"count":0,"href":"https:\/\/diariodominicano.com\/index.php?rest_route=\/wp\/v2\/posts\/98674\/revisions"}],"wp:attachment":[{"href":"https:\/\/diariodominicano.com\/index.php?rest_route=%2Fwp%2Fv2%2Fmedia&parent=98674"}],"wp:term":[{"taxonomy":"category","embeddable":true,"href":"https:\/\/diariodominicano.com\/index.php?rest_route=%2Fwp%2Fv2%2Fcategories&post=98674"},{"taxonomy":"post_tag","embeddable":true,"href":"https:\/\/diariodominicano.com\/index.php?rest_route=%2Fwp%2Fv2%2Ftags&post=98674"}],"curies":[{"name":"wp","href":"https:\/\/api.w.org\/{rel}","templated":true}]}}