{"id":98673,"date":"2013-12-01T16:33:26","date_gmt":"2013-12-01T16:33:26","guid":{"rendered":"http:\/\/diariodominicano.ddns.net\/?p=98673"},"modified":"2013-12-01T16:33:26","modified_gmt":"2013-12-01T16:33:26","slug":"ue-anuncia-la-distribucion-de-casi-20-millones-de-euros-entre-40-ayuntamientos-de-todo-el-pais","status":"publish","type":"post","link":"https:\/\/diariodominicano.com\/?p=98673","title":{"rendered":"UE anuncia la distribuci\u00f3n de casi 20 millones de Euros entre 40 ayuntamientos de todo el pa\u00eds"},"content":{"rendered":"<p><body><\/p>\n<p><img decoding=\"async\" src=\"img3\/onfed.jpg\" \/>  <\/p>\n<p><span class=\"text1noticias\">Puerto Plata, RD, 1 de Diciembre.-La gobernadora provincial de Puerto Plata, Do\u00f1a Eridania Llibre Ortiz, representando al Gobierno Dominicano, realiz\u00f3 en el Sal\u00f3n de acto de la gobernaci\u00f3n un encuentro de socializaci\u00f3n del programa de Apoyo a las Autoridades Locales y la Sociedad civil PASCAL a trav\u00e9s de la Direcci\u00f3n General de Cooperaci\u00f3n Multilateral (DIGECOOM), y la delegaci\u00f3n de la Uni\u00f3n Europea en el pa\u00eds, donde se anunci\u00f3 la distribuci\u00f3n de casi 20 millones de Euros entre 40 ayuntamientos de todo el pa\u00eds.<\/span><\/p>\n<p><span class=\"text1noticias\"> <\/span><\/p>\n<p><span class=\"text1noticias\">La informaci\u00f3n fue ofrecida por el Director General de la DIGECOOM y Ordenador Nacional de los Fondos Europeos para el Desarrollo; ingeniero Antonio Vargas Hern\u00e1ndez, quien fue el orador central en dicho encuentro.<\/span><\/p>\n<p><span class=\"text1noticias\"> <\/span><\/p>\n<p><span class=\"text1noticias\">El encuentro se inici\u00f3 con las notas del Himno Nacional y la bendici\u00f3n del sacerdote Edward Gilbert, las palabras de bienvenida fueron pronunciadas por la gobernadora provincial de Puerto Plata, Do\u00f1a Eridania Llibre, en tanto que por los alcaldes(as) presentes habl\u00f3 el alcalde anfitri\u00f3n Walter Musa. <\/span><\/p>\n<\/p>\n<p><span class=\"text1noticias\">Durante la actividad, el ingeniero Vargas explico que el objetivo de dicho encuentro es empoderar del PASCAL a los alcaldes y alcaldesas, as\u00ed como tambi\u00e9n a los representantes de las organizaciones sociales y comunitarias.<\/span><\/p>\n<p><span class=\"text1noticias\"> <\/span><\/p>\n<p><span class=\"text1noticias\">Agreg\u00f3 que este programa ser\u00e1 implementado en forma piloto en cuarenta ayuntamientos a trav\u00e9s del Ministerio de Administraci\u00f3n P\u00fablica (MAP); ya que el PASCAL tiene como principal objetivo la consolidaci\u00f3n de la gobernabilidad democr\u00e1tica en los ayuntamientos de los municipios que han sido seleccionados, mientras que como objetivos espec\u00edficos se propone mejorar la gobernanza y la rendici\u00f3n de cuentas de los gobiernos locales, mediante la profesionalizaci\u00f3n del servicio municipal p\u00fablico y participaci\u00f3n de la sociedad civil.<\/span><\/p>\n<p><span class=\"text1noticias\"> <\/span><\/p>\n<p><span class=\"text1noticias\">Subray\u00f3 que los gobiernos locales desempe\u00f1an un papel de primer orden en desarrollo de sus respectivas demarcaciones, as\u00ed como el progreso econ\u00f3mico, social y en la generaci\u00f3n de empleos productivos de sus mun\u00edcipes, raz\u00f3n por la que la Uni\u00f3n  Europea extiende su brazo solidario hacia el Estado dominicano en la ejecuci\u00f3n de este importante programa.(HG)<\/span>.<\/p>\n<\/p>\n<h6> 2013-12-01 16:33:26 <\/h6>\n<p><!--\n<link rel=\"stylesheet\" href=\"css\/bootstrap.min.css\">\n\n\n<ul class=\"pagination\">\n\t    \n\t\n\n<li >\n\t<a href='?page_no=14206'>Previous<\/a>\n\t<\/li>\n\n\n       \n    \n\n<li><a href='?page_no=1'>1<\/a><\/li>\n\n\n\n<li><a href='?page_no=2'>2<\/a><\/li>\n\n\n\n<li><a>...<\/a><\/li>\n\n\n\n<li><a href='?page_no=14205'>14205<\/a><\/li>\n\n\n\n<li><a href='?page_no=14206'>14206<\/a><\/li>\n\n\n\n<li class='active'><a>14207<\/a><\/li>\n\n\n\n<li><a href='?page_no=14208'>14208<\/a><\/li>\n\n\n\n<li><a href='?page_no=14209'>14209<\/a><\/li>\n\n\n\n<li><a>...<\/a><\/li>\n\n\n\n<li><a href='?page_no=30472'>30472<\/a><\/li>\n\n\n\n<li><a href='?page_no=30473'>30473<\/a><\/li>\n\n    \n\t\n\n<li >\n\t<a href='?page_no=14208'>Next<\/a>\n\t<\/li>\n\n\n    \n\n<li><a href='?page_no=30473'>Last &rsaquo;&rsaquo;<\/a><\/li>\n\n<\/ul>\n\n\n--><br \/>\n<\/body><\/p>\n","protected":false},"excerpt":{"rendered":"<p>Puerto Plata, RD, 1 de Diciembre.-La gobernadora provincial de Puerto Plata, Do\u00f1a Eridania Llibre Ortiz, representando al Gobierno Dominicano, realiz\u00f3 en el Sal\u00f3n de acto de la gobernaci\u00f3n un encuentro de socializaci\u00f3n del programa de Apoyo a las Autoridades Locales y la Sociedad civil PASCAL a trav\u00e9s de la Direcci\u00f3n General de Cooperaci\u00f3n Multilateral (DIGECOOM), [&hellip;]<\/p>\n","protected":false},"author":3,"featured_media":0,"comment_status":"open","ping_status":"open","sticky":false,"template":"","format":"standard","meta":{"footnotes":""},"categories":[18],"tags":[],"class_list":["post-98673","post","type-post","status-publish","format-standard","hentry","category-economia"],"_links":{"self":[{"href":"https:\/\/diariodominicano.com\/index.php?rest_route=\/wp\/v2\/posts\/98673","targetHints":{"allow":["GET"]}}],"collection":[{"href":"https:\/\/diariodominicano.com\/index.php?rest_route=\/wp\/v2\/posts"}],"about":[{"href":"https:\/\/diariodominicano.com\/index.php?rest_route=\/wp\/v2\/types\/post"}],"author":[{"embeddable":true,"href":"https:\/\/diariodominicano.com\/index.php?rest_route=\/wp\/v2\/users\/3"}],"replies":[{"embeddable":true,"href":"https:\/\/diariodominicano.com\/index.php?rest_route=%2Fwp%2Fv2%2Fcomments&post=98673"}],"version-history":[{"count":0,"href":"https:\/\/diariodominicano.com\/index.php?rest_route=\/wp\/v2\/posts\/98673\/revisions"}],"wp:attachment":[{"href":"https:\/\/diariodominicano.com\/index.php?rest_route=%2Fwp%2Fv2%2Fmedia&parent=98673"}],"wp:term":[{"taxonomy":"category","embeddable":true,"href":"https:\/\/diariodominicano.com\/index.php?rest_route=%2Fwp%2Fv2%2Fcategories&post=98673"},{"taxonomy":"post_tag","embeddable":true,"href":"https:\/\/diariodominicano.com\/index.php?rest_route=%2Fwp%2Fv2%2Ftags&post=98673"}],"curies":[{"name":"wp","href":"https:\/\/api.w.org\/{rel}","templated":true}]}}