{"id":98669,"date":"2013-12-02T15:50:03","date_gmt":"2013-12-02T15:50:03","guid":{"rendered":"http:\/\/diariodominicano.ddns.net\/?p=98669"},"modified":"2013-12-02T15:50:03","modified_gmt":"2013-12-02T15:50:03","slug":"alexandra-izquierdo-cree-vital-cultura-exportadora","status":"publish","type":"post","link":"https:\/\/diariodominicano.com\/?p=98669","title":{"rendered":"Alexandra Izquierdo cree vital cultura exportadora"},"content":{"rendered":"<p><body><\/p>\n<p>Santo Domingo RD 2 diciembre.- El fortalecimiento de los encadenamientos productivos entre las industrias locales, las zonas francas y otros sectores de la econom\u00eda, son elementos que contribuyen significativamente con el proceso de creaci\u00f3n de una cultura exportadora en el pa\u00eds, afirm\u00f3 la directora general del Centro de Desarrollo y Competitividad Industrial (Proindustria) Alexandra Izquierdo. <\/p>\n<\/p>\n<p>La funcionara considera necesario ir paulatinamente erradicando los escollos que impiden la asociatividad de las industrias para elevar el nivel de generaci\u00f3n de empleos y de las exportaciones.<\/p>\n<\/p>\n<p> \u00abEs una necesidad promover Pymes proveedoras de bienes y servicios demandados por las empresas transnacionales exportadoras a gran escala, y seguir tomando acciones para propiciar encadenamientos productivos\u00bb, destac\u00f3 Izquierdo.  <\/p>\n<h6> 2013-12-02 15:50:03 <\/h6>\n<p><!--\n<link rel=\"stylesheet\" href=\"css\/bootstrap.min.css\">\n\n\n<ul class=\"pagination\">\n\t    \n\t\n\n<li >\n\t<a href='?page_no=14202'>Previous<\/a>\n\t<\/li>\n\n\n       \n    \n\n<li><a href='?page_no=1'>1<\/a><\/li>\n\n\n\n<li><a href='?page_no=2'>2<\/a><\/li>\n\n\n\n<li><a>...<\/a><\/li>\n\n\n\n<li><a href='?page_no=14201'>14201<\/a><\/li>\n\n\n\n<li><a href='?page_no=14202'>14202<\/a><\/li>\n\n\n\n<li class='active'><a>14203<\/a><\/li>\n\n\n\n<li><a href='?page_no=14204'>14204<\/a><\/li>\n\n\n\n<li><a href='?page_no=14205'>14205<\/a><\/li>\n\n\n\n<li><a>...<\/a><\/li>\n\n\n\n<li><a href='?page_no=30472'>30472<\/a><\/li>\n\n\n\n<li><a href='?page_no=30473'>30473<\/a><\/li>\n\n    \n\t\n\n<li >\n\t<a href='?page_no=14204'>Next<\/a>\n\t<\/li>\n\n\n    \n\n<li><a href='?page_no=30473'>Last &rsaquo;&rsaquo;<\/a><\/li>\n\n<\/ul>\n\n\n--><br \/>\n<\/body><\/p>\n","protected":false},"excerpt":{"rendered":"<p>Santo Domingo RD 2 diciembre.- El fortalecimiento de los encadenamientos productivos entre las industrias locales, las zonas francas y otros sectores de la econom\u00eda, son elementos que contribuyen significativamente con el proceso de creaci\u00f3n de una cultura exportadora en el pa\u00eds, afirm\u00f3 la directora general del Centro de Desarrollo y Competitividad Industrial (Proindustria) Alexandra Izquierdo. [&hellip;]<\/p>\n","protected":false},"author":3,"featured_media":0,"comment_status":"open","ping_status":"open","sticky":false,"template":"","format":"standard","meta":{"footnotes":""},"categories":[18],"tags":[],"class_list":["post-98669","post","type-post","status-publish","format-standard","hentry","category-economia"],"_links":{"self":[{"href":"https:\/\/diariodominicano.com\/index.php?rest_route=\/wp\/v2\/posts\/98669","targetHints":{"allow":["GET"]}}],"collection":[{"href":"https:\/\/diariodominicano.com\/index.php?rest_route=\/wp\/v2\/posts"}],"about":[{"href":"https:\/\/diariodominicano.com\/index.php?rest_route=\/wp\/v2\/types\/post"}],"author":[{"embeddable":true,"href":"https:\/\/diariodominicano.com\/index.php?rest_route=\/wp\/v2\/users\/3"}],"replies":[{"embeddable":true,"href":"https:\/\/diariodominicano.com\/index.php?rest_route=%2Fwp%2Fv2%2Fcomments&post=98669"}],"version-history":[{"count":0,"href":"https:\/\/diariodominicano.com\/index.php?rest_route=\/wp\/v2\/posts\/98669\/revisions"}],"wp:attachment":[{"href":"https:\/\/diariodominicano.com\/index.php?rest_route=%2Fwp%2Fv2%2Fmedia&parent=98669"}],"wp:term":[{"taxonomy":"category","embeddable":true,"href":"https:\/\/diariodominicano.com\/index.php?rest_route=%2Fwp%2Fv2%2Fcategories&post=98669"},{"taxonomy":"post_tag","embeddable":true,"href":"https:\/\/diariodominicano.com\/index.php?rest_route=%2Fwp%2Fv2%2Ftags&post=98669"}],"curies":[{"name":"wp","href":"https:\/\/api.w.org\/{rel}","templated":true}]}}