{"id":98668,"date":"2013-12-02T16:01:36","date_gmt":"2013-12-02T16:01:36","guid":{"rendered":"http:\/\/diariodominicano.ddns.net\/?p=98668"},"modified":"2013-12-02T16:01:36","modified_gmt":"2013-12-02T16:01:36","slug":"se-inicia-este-martes-en-el-palacio-nacional-foro-para-el-crecimiento-del-caribe-fcc","status":"publish","type":"post","link":"https:\/\/diariodominicano.com\/?p=98668","title":{"rendered":"Se inicia este martes en el Palacio Nacional Foro para el Crecimiento del Caribe (FCC)"},"content":{"rendered":"<p><body><\/p>\n<p><img decoding=\"async\" src=\"img3\/temo 2.jpg\" \/>  <\/p>\n<p>Santo Domingo RD 2 diciembre.- Este martes sesionar\u00e1 en el Palacio Nacional el Primer Taller de Seguimiento del Foro para el Crecimiento del Caribe (FCC), el cual ser\u00e1 abierto por el ministro de Econom\u00eda, Planificaci\u00f3n y Desarrollo, ingeniero Tem\u00edstocles Mont\u00e1s,  con un discurso de bienvenida a los participantes.<\/p>\n<\/p>\n<p>\tEste Foro, que se apertura a las 9:00 de la ma\u00f1ana y en el que interviene el Banco Mundial y otros organismos internacionales y gubernamentales,  es una iniciativa donde m\u00faltiples actores p\u00fablico-privado que influyen en el crecimiento econ\u00f3mico tratan de identificar mediante el di\u00e1logo resoluciones pr\u00e1cticas a los desaf\u00edos para un desarrollo regional de calidad. <\/p>\n<\/p>\n<p>\tEn s\u00edntesis, busca involucrar a los gobiernos y a otros sectores claves en el proceso de identificaci\u00f3n y formulaci\u00f3n  de acciones concretas con el objetivo de resolver los factores que dificultan el desarrollo del sector privado en la regi\u00f3n caribe\u00f1a, informa una nota de la Unidad de Comunicaciones del Ministerio de Econom\u00eda.<\/p>\n<\/p>\n<p>En la agenda que ser\u00e1 desarrollada en el Sal\u00f3n Verde un representante del Observatorio Ciudadano del cap\u00edtulo dominicano del Foro expondr\u00e1 sobre el rol del sector privado y de la sociedad civil en la implementaci\u00f3n del Foro, informa la nota.<\/p>\n<\/p>\n<p>Sobre los retos de la competitividad en la Rep\u00fablica Dominicana el ministro de Industria y Comercio, Jos\u00e9 del Castillo Savi\u00f1\u00f3n, har\u00e1 una exposici\u00f3n principal.<\/p>\n<\/p>\n<p>Ese tema ser\u00e1 comentado por el vicepresidente ejecutivo de la C\u00e1mara Americana de Comercio, William Malamud; por la representante residente del BID, Fiora Montealegre, y por Addys Then, directora ejecutiva de Alianza ONG, con la moderaci\u00f3n de Magdalena Lizardo, directora de la Unidad de An\u00e1lisis Econ\u00f3mico y Social del MEPyD.<\/p>\n<\/p>\n<p>\tEn el encuentro ser\u00e1 debatido en tres mesas el nivel de implementaci\u00f3n de las recomendaciones del Foro en log\u00edstica y conectividad, coordinada por V\u00edctor Ventura, asesor del MEPyD en la materia.<\/p>\n<\/p>\n<p>En clima de negocios, coordinada por Laura Castillo, del Consejo  Nacional de Competitividad, y la tercera mesa, relativa a productividad y a habilidades, por Ana Carolina Franco, del Ministerio de Industria.<\/p>\n<\/p>\n<p>Las mesas ser\u00e1n moderadas por Diana de Le\u00f3n, del Banco Mundial, y por Mariana Wettsein, del Banco Interamericano de Desarrollo (BID). <\/p>\n<\/p>\n<p>\tEl proceso y metodolog\u00eda del Foro para el Crecimiento del Caribe ser\u00e1 expuesto por Andrea Gallina, del Banco Mundial y la secretar\u00eda de coordinaci\u00f3n del Foro<\/p>\n<h6> 2013-12-02 16:01:36 <\/h6>\n<p><!--\n<link rel=\"stylesheet\" href=\"css\/bootstrap.min.css\">\n\n\n<ul class=\"pagination\">\n\t    \n\t\n\n<li >\n\t<a href='?page_no=14201'>Previous<\/a>\n\t<\/li>\n\n\n       \n    \n\n<li><a href='?page_no=1'>1<\/a><\/li>\n\n\n\n<li><a href='?page_no=2'>2<\/a><\/li>\n\n\n\n<li><a>...<\/a><\/li>\n\n\n\n<li><a href='?page_no=14200'>14200<\/a><\/li>\n\n\n\n<li><a href='?page_no=14201'>14201<\/a><\/li>\n\n\n\n<li class='active'><a>14202<\/a><\/li>\n\n\n\n<li><a href='?page_no=14203'>14203<\/a><\/li>\n\n\n\n<li><a href='?page_no=14204'>14204<\/a><\/li>\n\n\n\n<li><a>...<\/a><\/li>\n\n\n\n<li><a href='?page_no=30472'>30472<\/a><\/li>\n\n\n\n<li><a href='?page_no=30473'>30473<\/a><\/li>\n\n    \n\t\n\n<li >\n\t<a href='?page_no=14203'>Next<\/a>\n\t<\/li>\n\n\n    \n\n<li><a href='?page_no=30473'>Last &rsaquo;&rsaquo;<\/a><\/li>\n\n<\/ul>\n\n\n--><br \/>\n<\/body><\/p>\n","protected":false},"excerpt":{"rendered":"<p>Santo Domingo RD 2 diciembre.- Este martes sesionar\u00e1 en el Palacio Nacional el Primer Taller de Seguimiento del Foro para el Crecimiento del Caribe (FCC), el cual ser\u00e1 abierto por el ministro de Econom\u00eda, Planificaci\u00f3n y Desarrollo, ingeniero Tem\u00edstocles Mont\u00e1s, con un discurso de bienvenida a los participantes. Este Foro, que se apertura a las [&hellip;]<\/p>\n","protected":false},"author":3,"featured_media":0,"comment_status":"open","ping_status":"open","sticky":false,"template":"","format":"standard","meta":{"footnotes":""},"categories":[18],"tags":[],"class_list":["post-98668","post","type-post","status-publish","format-standard","hentry","category-economia"],"_links":{"self":[{"href":"https:\/\/diariodominicano.com\/index.php?rest_route=\/wp\/v2\/posts\/98668","targetHints":{"allow":["GET"]}}],"collection":[{"href":"https:\/\/diariodominicano.com\/index.php?rest_route=\/wp\/v2\/posts"}],"about":[{"href":"https:\/\/diariodominicano.com\/index.php?rest_route=\/wp\/v2\/types\/post"}],"author":[{"embeddable":true,"href":"https:\/\/diariodominicano.com\/index.php?rest_route=\/wp\/v2\/users\/3"}],"replies":[{"embeddable":true,"href":"https:\/\/diariodominicano.com\/index.php?rest_route=%2Fwp%2Fv2%2Fcomments&post=98668"}],"version-history":[{"count":0,"href":"https:\/\/diariodominicano.com\/index.php?rest_route=\/wp\/v2\/posts\/98668\/revisions"}],"wp:attachment":[{"href":"https:\/\/diariodominicano.com\/index.php?rest_route=%2Fwp%2Fv2%2Fmedia&parent=98668"}],"wp:term":[{"taxonomy":"category","embeddable":true,"href":"https:\/\/diariodominicano.com\/index.php?rest_route=%2Fwp%2Fv2%2Fcategories&post=98668"},{"taxonomy":"post_tag","embeddable":true,"href":"https:\/\/diariodominicano.com\/index.php?rest_route=%2Fwp%2Fv2%2Ftags&post=98668"}],"curies":[{"name":"wp","href":"https:\/\/api.w.org\/{rel}","templated":true}]}}