{"id":98666,"date":"2013-12-02T18:13:30","date_gmt":"2013-12-02T18:13:30","guid":{"rendered":"http:\/\/diariodominicano.ddns.net\/?p=98666"},"modified":"2013-12-02T18:13:30","modified_gmt":"2013-12-02T18:13:30","slug":"ministro-administrativo-de-la-presidencia-recibe-empresarios-canadienses","status":"publish","type":"post","link":"https:\/\/diariodominicano.com\/?p=98666","title":{"rendered":"&#13;&#13;Ministro Administrativo de la Presidencia recibe empresarios canadienses"},"content":{"rendered":"<p><body><\/p>\n<\/p>\n<p><span class=\"text1noticias\">\t<\/span><\/p>\n<p><span class=\"text1noticias\">Santo Domingo, RD, 02 de diciembre.- El Ministro Administrativo de la  Presidencia, Jos\u00e9 Ram\u00f3n Peralta, recibi\u00f3, este lunes en su despacho del Palacio Nacional, una delegaci\u00f3n de empresarios  canadienses.<\/span><\/p>\n<\/p>\n<p><span class=\"text1noticias\">La delegaci\u00f3n estuvo presidida por el Asesor de Negocios del Poder Ejecutivo, Gerard Trudeau; el director de Operaciones de la  Federaci\u00f3n de Empresarios de la  Agricultura, Fernando Borja.<\/span><\/p>\n<\/p>\n<p><span class=\"text1noticias\">En el encuentro estuvo presente la ministra de Trabajo, Maritza Hern\u00e1ndez, con quien previamente los empresarios hab\u00edan firmado un acuerdo que permitir\u00e1 a dominicanos trabajar agricultura en el Canada.<\/span><\/p>\n<\/p>\n<h6> 2013-12-02 18:13:30 <\/h6>\n<p><!--\n<link rel=\"stylesheet\" href=\"css\/bootstrap.min.css\">\n\n\n<ul class=\"pagination\">\n\t    \n\t\n\n<li >\n\t<a href='?page_no=14199'>Previous<\/a>\n\t<\/li>\n\n\n       \n    \n\n<li><a href='?page_no=1'>1<\/a><\/li>\n\n\n\n<li><a href='?page_no=2'>2<\/a><\/li>\n\n\n\n<li><a>...<\/a><\/li>\n\n\n\n<li><a href='?page_no=14198'>14198<\/a><\/li>\n\n\n\n<li><a href='?page_no=14199'>14199<\/a><\/li>\n\n\n\n<li class='active'><a>14200<\/a><\/li>\n\n\n\n<li><a href='?page_no=14201'>14201<\/a><\/li>\n\n\n\n<li><a href='?page_no=14202'>14202<\/a><\/li>\n\n\n\n<li><a>...<\/a><\/li>\n\n\n\n<li><a href='?page_no=30472'>30472<\/a><\/li>\n\n\n\n<li><a href='?page_no=30473'>30473<\/a><\/li>\n\n    \n\t\n\n<li >\n\t<a href='?page_no=14201'>Next<\/a>\n\t<\/li>\n\n\n    \n\n<li><a href='?page_no=30473'>Last &rsaquo;&rsaquo;<\/a><\/li>\n\n<\/ul>\n\n\n--><br \/>\n<\/body><\/p>\n","protected":false},"excerpt":{"rendered":"<p>Santo Domingo, RD, 02 de diciembre.- El Ministro Administrativo de la Presidencia, Jos\u00e9 Ram\u00f3n Peralta, recibi\u00f3, este lunes en su despacho del Palacio Nacional, una delegaci\u00f3n de empresarios canadienses. La delegaci\u00f3n estuvo presidida por el Asesor de Negocios del Poder Ejecutivo, Gerard Trudeau; el director de Operaciones de la Federaci\u00f3n de Empresarios de la Agricultura, [&hellip;]<\/p>\n","protected":false},"author":3,"featured_media":0,"comment_status":"open","ping_status":"open","sticky":false,"template":"","format":"standard","meta":{"footnotes":""},"categories":[18],"tags":[],"class_list":["post-98666","post","type-post","status-publish","format-standard","hentry","category-economia"],"_links":{"self":[{"href":"https:\/\/diariodominicano.com\/index.php?rest_route=\/wp\/v2\/posts\/98666","targetHints":{"allow":["GET"]}}],"collection":[{"href":"https:\/\/diariodominicano.com\/index.php?rest_route=\/wp\/v2\/posts"}],"about":[{"href":"https:\/\/diariodominicano.com\/index.php?rest_route=\/wp\/v2\/types\/post"}],"author":[{"embeddable":true,"href":"https:\/\/diariodominicano.com\/index.php?rest_route=\/wp\/v2\/users\/3"}],"replies":[{"embeddable":true,"href":"https:\/\/diariodominicano.com\/index.php?rest_route=%2Fwp%2Fv2%2Fcomments&post=98666"}],"version-history":[{"count":0,"href":"https:\/\/diariodominicano.com\/index.php?rest_route=\/wp\/v2\/posts\/98666\/revisions"}],"wp:attachment":[{"href":"https:\/\/diariodominicano.com\/index.php?rest_route=%2Fwp%2Fv2%2Fmedia&parent=98666"}],"wp:term":[{"taxonomy":"category","embeddable":true,"href":"https:\/\/diariodominicano.com\/index.php?rest_route=%2Fwp%2Fv2%2Fcategories&post=98666"},{"taxonomy":"post_tag","embeddable":true,"href":"https:\/\/diariodominicano.com\/index.php?rest_route=%2Fwp%2Fv2%2Ftags&post=98666"}],"curies":[{"name":"wp","href":"https:\/\/api.w.org\/{rel}","templated":true}]}}