{"id":98657,"date":"2013-12-02T22:21:27","date_gmt":"2013-12-02T22:21:27","guid":{"rendered":"http:\/\/diariodominicano.ddns.net\/?p=98657"},"modified":"2013-12-02T22:21:27","modified_gmt":"2013-12-02T22:21:27","slug":"investigadora-considero-necesario-impulsar-clusters-agrarios","status":"publish","type":"post","link":"https:\/\/diariodominicano.com\/?p=98657","title":{"rendered":"&#13;Investigadora consider\u00f3  necesario impulsar clusters agrarios"},"content":{"rendered":"<p><body><\/p>\n<p><img decoding=\"async\" src=\"img3\/clusters.jpg\" \/>  <\/p>\n<p><span class=\"text1noticias\">Santo Domingo, RD, 2 de Diciembre.-Una investigadora dominicana estim\u00f3 que una efectiva coordinaci\u00f3n entre el gobierno central y el sector privado puede impulsar los clusters agropecuarios a nivel internacional.<\/span><\/p>\n<\/p>\n<p><span class=\"text1noticias\">De acuerdo con la doctora Sandra Mar\u00eda Su\u00f1ol P\u00e9rez, el gobierno debe encabezar una gran estrategia con el \u00e1rea privada para incidir positivamente en el desarrollo de los clusters de agro-negocios en la Rep\u00fablica Dominicana.<\/span><\/p>\n<\/p>\n<p><span class=\"text1noticias\">Su\u00f1ol P\u00e9rez hizo su afirmaci\u00f3n al participar como conferencista en la apertura de la XII Jornada de Investigaci\u00f3n Cient\u00edfica Universitaria que se desarrolla en la Biblioteca Pedro Mir de la Universidad Aut\u00f3noma de Santo Domingo (UASD).<\/span><\/p>\n<\/p>\n<p><span class=\"text1noticias\">En su exposici\u00f3n, Su\u00f1ol P\u00e9rez manifest\u00f3 que los clusters agropecuarios son un gran medio para impulsar la econom\u00eda nacional, pero que necesitan un mayor apoyo gubernamental para fortalecer y ganar mayores espacios a nivel internacional.<\/span><\/p>\n<\/p>\n<p><span class=\"text1noticias\">Dijo que el gobierno debe aunar sus esfuerzos con los sectores privados para enfrentar las m\u00faltiples dificultades que se presentan a los productos agr\u00edcolas dominicanos para su exportaci\u00f3n.<\/span><\/p>\n<\/p>\n<p><span class=\"text1noticias\">Destac\u00f3 que los clusters agropecuarios empezaron a formarse en el dos mil cuatro y que han cobrado una gran notoriedad.<\/span><\/p>\n<\/p>\n<p><span class=\"text1noticias\">Observ\u00f3 que, sin embargo, han tenido que enfrentar diversas dificultades econ\u00f3micas y que el Estado y los empresarios privados deben coordinar sus trabajos para superar esos obst\u00e1culos.<\/span><\/p>\n<\/p>\n<p><span class=\"text1noticias\">Se\u00f1al\u00f3 que el aguacate, la pi\u00f1a, el mango y el guineo, son los que m\u00e1s sobresalen en el nicho de los productos criollos de mayor exportaci\u00f3n.<\/span><\/p>\n<\/p>\n<p><span class=\"text1noticias\">Afirm\u00f3 que las condiciones de los suelos y la tecnificaci\u00f3n del manejo de esos rubros  han permitido enfrentar exitosamente muchos de los problemas que se han presentado.<\/span><\/p>\n<\/p>\n<p><span class=\"text1noticias\">La doctora Su\u00f1ol P\u00e9rez tambi\u00e9n manifest\u00f3 que el gobierno y el sector privado tienen la necesidad com\u00fan de unificar sus acciones para hacer una certera promoci\u00f3n de los productos nacionales en el extranjero para conseguir los potenciales mercados.<\/span><\/p>\n<\/p>\n<p><span class=\"text1noticias\">Entiende que los clusters agr\u00edcolas deben mejorar muchos aspectos para conseguir un aumento del consumo internacional.<\/span><\/p>\n<\/p>\n<p><span class=\"text1noticias\">Puso de ejemplo que el 99 por ciento de la producci\u00f3n de mango es consumida en Rep\u00fablica Dominicana, en tanto que el aguacate y el guineo son los que en mejor posici\u00f3n est\u00e1n.<\/span><\/p>\n<\/p>\n<p><span class=\"text1noticias\">Al respecto, apunt\u00f3 que los dominicanos s\u00f3lo consumen el 59 por ciento de la producci\u00f3n de los guineos y el 90 por ciento de los aguacates.<\/span><\/p>\n<\/p>\n<p><span class=\"text1noticias\">Sin embargo, alert\u00f3 al gobierno en torno al peligro que representa la incursi\u00f3n de Ecuador y Per\u00fa en la producci\u00f3n de bananos y aguacates.<\/span><\/p>\n<\/p>\n<p><span class=\"text1noticias\">La XII Jornada de Investigaci\u00f3n Cient\u00edfica Universitaria fue organizada  por la Vicerrector\u00eda de Investigaci\u00f3n y Postgrado de la UASD.(HG)<\/span>.<\/p>\n<\/p>\n<h6> 2013-12-02 22:21:27 <\/h6>\n<p><!--\n<link rel=\"stylesheet\" href=\"css\/bootstrap.min.css\">\n\n\n<ul class=\"pagination\">\n\t    \n\t\n\n<li >\n\t<a href='?page_no=14192'>Previous<\/a>\n\t<\/li>\n\n\n       \n    \n\n<li><a href='?page_no=1'>1<\/a><\/li>\n\n\n\n<li><a href='?page_no=2'>2<\/a><\/li>\n\n\n\n<li><a>...<\/a><\/li>\n\n\n\n<li><a href='?page_no=14191'>14191<\/a><\/li>\n\n\n\n<li><a href='?page_no=14192'>14192<\/a><\/li>\n\n\n\n<li class='active'><a>14193<\/a><\/li>\n\n\n\n<li><a href='?page_no=14194'>14194<\/a><\/li>\n\n\n\n<li><a href='?page_no=14195'>14195<\/a><\/li>\n\n\n\n<li><a>...<\/a><\/li>\n\n\n\n<li><a href='?page_no=30472'>30472<\/a><\/li>\n\n\n\n<li><a href='?page_no=30473'>30473<\/a><\/li>\n\n    \n\t\n\n<li >\n\t<a href='?page_no=14194'>Next<\/a>\n\t<\/li>\n\n\n    \n\n<li><a href='?page_no=30473'>Last &rsaquo;&rsaquo;<\/a><\/li>\n\n<\/ul>\n\n\n--><br \/>\n<\/body><\/p>\n","protected":false},"excerpt":{"rendered":"<p>Santo Domingo, RD, 2 de Diciembre.-Una investigadora dominicana estim\u00f3 que una efectiva coordinaci\u00f3n entre el gobierno central y el sector privado puede impulsar los clusters agropecuarios a nivel internacional. De acuerdo con la doctora Sandra Mar\u00eda Su\u00f1ol P\u00e9rez, el gobierno debe encabezar una gran estrategia con el \u00e1rea privada para incidir positivamente en el desarrollo [&hellip;]<\/p>\n","protected":false},"author":3,"featured_media":0,"comment_status":"open","ping_status":"open","sticky":false,"template":"","format":"standard","meta":{"footnotes":""},"categories":[18],"tags":[],"class_list":["post-98657","post","type-post","status-publish","format-standard","hentry","category-economia"],"_links":{"self":[{"href":"https:\/\/diariodominicano.com\/index.php?rest_route=\/wp\/v2\/posts\/98657","targetHints":{"allow":["GET"]}}],"collection":[{"href":"https:\/\/diariodominicano.com\/index.php?rest_route=\/wp\/v2\/posts"}],"about":[{"href":"https:\/\/diariodominicano.com\/index.php?rest_route=\/wp\/v2\/types\/post"}],"author":[{"embeddable":true,"href":"https:\/\/diariodominicano.com\/index.php?rest_route=\/wp\/v2\/users\/3"}],"replies":[{"embeddable":true,"href":"https:\/\/diariodominicano.com\/index.php?rest_route=%2Fwp%2Fv2%2Fcomments&post=98657"}],"version-history":[{"count":0,"href":"https:\/\/diariodominicano.com\/index.php?rest_route=\/wp\/v2\/posts\/98657\/revisions"}],"wp:attachment":[{"href":"https:\/\/diariodominicano.com\/index.php?rest_route=%2Fwp%2Fv2%2Fmedia&parent=98657"}],"wp:term":[{"taxonomy":"category","embeddable":true,"href":"https:\/\/diariodominicano.com\/index.php?rest_route=%2Fwp%2Fv2%2Fcategories&post=98657"},{"taxonomy":"post_tag","embeddable":true,"href":"https:\/\/diariodominicano.com\/index.php?rest_route=%2Fwp%2Fv2%2Ftags&post=98657"}],"curies":[{"name":"wp","href":"https:\/\/api.w.org\/{rel}","templated":true}]}}