{"id":98656,"date":"2013-12-02T22:55:44","date_gmt":"2013-12-02T22:55:44","guid":{"rendered":"http:\/\/diariodominicano.ddns.net\/?p=98656"},"modified":"2013-12-02T22:55:44","modified_gmt":"2013-12-02T22:55:44","slug":"economista-califica-buena-senal-licitacion-para-instalacion-de-dos-plantas-electricas-a-carbon","status":"publish","type":"post","link":"https:\/\/diariodominicano.com\/?p=98656","title":{"rendered":"Economista califica \u00abbuena se\u00f1al\u00bb licitaci\u00f3n para instalaci\u00f3n de dos plantas el\u00e9ctricas a carb\u00f3n"},"content":{"rendered":"<p><body><\/p>\n<p><span class=\"text1noticias\">Santo Domingo, RD, 2 de Dciembre.-El economista Rub\u00e9n Pe\u00f1a Pichardo afirm\u00f3 que la licitaci\u00f3n para adquirir y montar en el pa\u00eds dos grandes plantas el\u00e9ctricas de generaci\u00f3n  a carb\u00f3n para suplir la demanda tanto presente como futura, manda una buena se\u00f1al  sobre la preocupaci\u00f3n de las autoridades sobre este sector.<\/span><\/p>\n<\/p>\n<p><span class=\"text1noticias\">Sin embargo, Pe\u00f1a Pichardo destac\u00f3 que \u00abel entusiasmo que produzca la ejecuci\u00f3n y materializaci\u00f3n de esta inversi\u00f3n no debe distraernos de hacer conciencia de que el problema medular que ha arrastrado por a\u00f1os el sector el\u00e9ctrico en la Rep\u00fablica Dominicana es de origen financiero\u00bb.<\/span><\/p>\n<\/p>\n<p><span class=\"text1noticias\">A su juicio, esta situaci\u00f3n ha sido provocada por las bajas cobranzas, \u00abcomo consecuencia de una cultura  arraigada por m\u00e1s de 50 a\u00f1os en la que una parte importante de la sociedad no paga este servicio o s\u00f3lo lo paga de manera parcial, recurriendo para ello al uso de diferentes tipos de fraudes\u00bb.<\/span><\/p>\n<\/p>\n<p><span class=\"text1noticias\">En tal sentido, reiter\u00f3, como ya lo hab\u00eda manifestado en una propuesta anterior, que la soluci\u00f3n definitiva con el fin de llevar el fraude el\u00e9ctrico a su m\u00ednima expresi\u00f3n, radica en un cambio en el actual modelo de administraci\u00f3n.<\/span><\/p>\n<\/p>\n<p><span class=\"text1noticias\">A esos fines, el economista y dirigente del Partido de la Liberaci\u00f3n Dominicana (PLD) ha propuesto la creaci\u00f3n de medianas compa\u00f1\u00edas por municipios y en el caso de las grandes ciudades recomend\u00f3 la divisi\u00f3n de \u00e9stas por \u00e1rea, tomando en cuenta el n\u00famero de hogares.<\/span><\/p>\n<\/p>\n<p><span class=\"text1noticias\">Sugiri\u00f3 que previo a esta fase, se coloque un contador o medidor el\u00e9ctrico para cada zona bajo la responsabilidad de estas compa\u00f1\u00edas, a fin de registrar la cantidad de energ\u00eda servida y la no cobrada en promedio, mensualmente. <\/span><\/p>\n<\/p>\n<p><span class=\"text1noticias\">\u00abEstas compa\u00f1\u00edas cobrar\u00edan comisiones en base a su eficiencia por los cobros y ser\u00edan las responsables de la contrataci\u00f3n del personal t\u00e9cnico y la compra de los equipos necesarios para la realizaci\u00f3n de sus labores\u00bb, dijo.<\/span><\/p>\n<\/p>\n<p><span class=\"text1noticias\">Pe\u00f1a Pichardo explic\u00f3 que, adem\u00e1s, las medianas compa\u00f1\u00edas que propone se encargar\u00edan de los cobros, de la lectura de medidores, control y detecci\u00f3n de fraudes.<\/span><\/p>\n<\/p>\n<p><span class=\"text1noticias\">Dijo que su propuesta se basa en una simple aplicaci\u00f3n del principio de la metodolog\u00eda de investigaci\u00f3n cient\u00edfica.<\/span><\/p>\n<\/p>\n<p><span class=\"text1noticias\">\u00abEsto es\u00bb, agreg\u00f3, \u00abla simplificaci\u00f3n del problema, porque s\u00ed tomamos como referencia el modelo de administraci\u00f3n actual en que s\u00f3lo tres empresas son las responsables de la aplicaci\u00f3n del modelo que propongo sustituir, EDENORTE, EDESUR y EDEESTE, y en su lugar se crearan cientos de medianas empresas, no tengo dudas de que por la reducci\u00f3n del mercado que estar\u00eda bajo su responsabilidad y los incentivos por cobros, este ser\u00eda un plan con un alto potencial de \u00e9xitos\u00bb.<\/span><\/p>\n<\/p>\n<p><span class=\"text1noticias\">Para eso, recomend\u00f3 al presidente Danilo Medina, a fin de comprobar la proyecci\u00f3n de estos resultados, elegir tres comunidades, una por cada regi\u00f3n, en el norte, sur y este del pa\u00eds, a manera de plan piloto.(HG)<\/span>.<\/p>\n<h6> 2013-12-02 22:55:44 <\/h6>\n<p><!--\n<link rel=\"stylesheet\" href=\"css\/bootstrap.min.css\">\n\n\n<ul class=\"pagination\">\n\t    \n\t\n\n<li >\n\t<a href='?page_no=14191'>Previous<\/a>\n\t<\/li>\n\n\n       \n    \n\n<li><a href='?page_no=1'>1<\/a><\/li>\n\n\n\n<li><a href='?page_no=2'>2<\/a><\/li>\n\n\n\n<li><a>...<\/a><\/li>\n\n\n\n<li><a href='?page_no=14190'>14190<\/a><\/li>\n\n\n\n<li><a href='?page_no=14191'>14191<\/a><\/li>\n\n\n\n<li class='active'><a>14192<\/a><\/li>\n\n\n\n<li><a href='?page_no=14193'>14193<\/a><\/li>\n\n\n\n<li><a href='?page_no=14194'>14194<\/a><\/li>\n\n\n\n<li><a>...<\/a><\/li>\n\n\n\n<li><a href='?page_no=30472'>30472<\/a><\/li>\n\n\n\n<li><a href='?page_no=30473'>30473<\/a><\/li>\n\n    \n\t\n\n<li >\n\t<a href='?page_no=14193'>Next<\/a>\n\t<\/li>\n\n\n    \n\n<li><a href='?page_no=30473'>Last &rsaquo;&rsaquo;<\/a><\/li>\n\n<\/ul>\n\n\n--><br \/>\n<\/body><\/p>\n","protected":false},"excerpt":{"rendered":"<p>Santo Domingo, RD, 2 de Dciembre.-El economista Rub\u00e9n Pe\u00f1a Pichardo afirm\u00f3 que la licitaci\u00f3n para adquirir y montar en el pa\u00eds dos grandes plantas el\u00e9ctricas de generaci\u00f3n a carb\u00f3n para suplir la demanda tanto presente como futura, manda una buena se\u00f1al sobre la preocupaci\u00f3n de las autoridades sobre este sector. Sin embargo, Pe\u00f1a Pichardo destac\u00f3 [&hellip;]<\/p>\n","protected":false},"author":3,"featured_media":0,"comment_status":"open","ping_status":"open","sticky":false,"template":"","format":"standard","meta":{"footnotes":""},"categories":[18],"tags":[],"class_list":["post-98656","post","type-post","status-publish","format-standard","hentry","category-economia"],"_links":{"self":[{"href":"https:\/\/diariodominicano.com\/index.php?rest_route=\/wp\/v2\/posts\/98656","targetHints":{"allow":["GET"]}}],"collection":[{"href":"https:\/\/diariodominicano.com\/index.php?rest_route=\/wp\/v2\/posts"}],"about":[{"href":"https:\/\/diariodominicano.com\/index.php?rest_route=\/wp\/v2\/types\/post"}],"author":[{"embeddable":true,"href":"https:\/\/diariodominicano.com\/index.php?rest_route=\/wp\/v2\/users\/3"}],"replies":[{"embeddable":true,"href":"https:\/\/diariodominicano.com\/index.php?rest_route=%2Fwp%2Fv2%2Fcomments&post=98656"}],"version-history":[{"count":0,"href":"https:\/\/diariodominicano.com\/index.php?rest_route=\/wp\/v2\/posts\/98656\/revisions"}],"wp:attachment":[{"href":"https:\/\/diariodominicano.com\/index.php?rest_route=%2Fwp%2Fv2%2Fmedia&parent=98656"}],"wp:term":[{"taxonomy":"category","embeddable":true,"href":"https:\/\/diariodominicano.com\/index.php?rest_route=%2Fwp%2Fv2%2Fcategories&post=98656"},{"taxonomy":"post_tag","embeddable":true,"href":"https:\/\/diariodominicano.com\/index.php?rest_route=%2Fwp%2Fv2%2Ftags&post=98656"}],"curies":[{"name":"wp","href":"https:\/\/api.w.org\/{rel}","templated":true}]}}