{"id":98655,"date":"2013-12-02T23:33:52","date_gmt":"2013-12-02T23:33:52","guid":{"rendered":"http:\/\/diariodominicano.ddns.net\/?p=98655"},"modified":"2013-12-02T23:33:52","modified_gmt":"2013-12-02T23:33:52","slug":"banco-de-reservas-no-aplicara-el-1-a-las-compras-via-internet","status":"publish","type":"post","link":"https:\/\/diariodominicano.com\/?p=98655","title":{"rendered":"Banco de Reservas no aplicar\u00e1 el 1% a las compras v\u00eda internet"},"content":{"rendered":"<p><body><\/p>\n<p><img decoding=\"async\" src=\"img3\/reservas.jpg\" \/>  <\/p>\n<p><span class=\"text1noticias\">Santo Domingo, RD, 2 de Diciembre.-El Administrador del Banco de Reservas anunci\u00f3 que esa entidad financiera no aplicar\u00e1 el 1% a las compras v\u00eda internet, como lo tiene planteado la Asociaci\u00f3n de Bancos Comerciales de la Rep\u00fablica Dominicana.<\/span><\/p>\n<\/p>\n<p><span class=\"text1noticias\">La informaci\u00f3n la ofreci\u00f3 el Administrador del Banreserva, licenciado Enrique Ram\u00edrez, durante una rueda de prensa en el Palacio Nacional.<\/span><\/p>\n<\/p>\n<p><span class=\"text1noticias\">La medida contempla es que todos los dominicanos tengan acceso a los servicios de instituci\u00f3n crediticia.<\/span><\/p>\n<p><span class=\"text1noticias\">Ram\u00edrez aclar\u00f3 que  la instituci\u00f3n crediticia tiene una morosidad desde enero de un 48 %.<\/span><\/p>\n<\/p>\n<p><span class=\"text1noticias\">El funcionario destac\u00f3 que dentro de las ejecutorias del presidente Danilo medina es que esta entidad se convierte en un actor relevante para el desarrollo de la Rep\u00fablica Dominicana.<\/span><\/p>\n<\/p>\n<p><span class=\"text1noticias\">En ese sentido, precis\u00f3 que el Banreservas  est\u00e1 abierto a los sectores productivos de la naci\u00f3n.(HG)<\/span>.<\/p>\n<h6> 2013-12-02 23:33:52 <\/h6>\n<p><!--\n<link rel=\"stylesheet\" href=\"css\/bootstrap.min.css\">\n\n\n<ul class=\"pagination\">\n\t    \n\t\n\n<li >\n\t<a href='?page_no=14190'>Previous<\/a>\n\t<\/li>\n\n\n       \n    \n\n<li><a href='?page_no=1'>1<\/a><\/li>\n\n\n\n<li><a href='?page_no=2'>2<\/a><\/li>\n\n\n\n<li><a>...<\/a><\/li>\n\n\n\n<li><a href='?page_no=14189'>14189<\/a><\/li>\n\n\n\n<li><a href='?page_no=14190'>14190<\/a><\/li>\n\n\n\n<li class='active'><a>14191<\/a><\/li>\n\n\n\n<li><a href='?page_no=14192'>14192<\/a><\/li>\n\n\n\n<li><a href='?page_no=14193'>14193<\/a><\/li>\n\n\n\n<li><a>...<\/a><\/li>\n\n\n\n<li><a href='?page_no=30472'>30472<\/a><\/li>\n\n\n\n<li><a href='?page_no=30473'>30473<\/a><\/li>\n\n    \n\t\n\n<li >\n\t<a href='?page_no=14192'>Next<\/a>\n\t<\/li>\n\n\n    \n\n<li><a href='?page_no=30473'>Last &rsaquo;&rsaquo;<\/a><\/li>\n\n<\/ul>\n\n\n--><br \/>\n<\/body><\/p>\n","protected":false},"excerpt":{"rendered":"<p>Santo Domingo, RD, 2 de Diciembre.-El Administrador del Banco de Reservas anunci\u00f3 que esa entidad financiera no aplicar\u00e1 el 1% a las compras v\u00eda internet, como lo tiene planteado la Asociaci\u00f3n de Bancos Comerciales de la Rep\u00fablica Dominicana. La informaci\u00f3n la ofreci\u00f3 el Administrador del Banreserva, licenciado Enrique Ram\u00edrez, durante una rueda de prensa en [&hellip;]<\/p>\n","protected":false},"author":3,"featured_media":0,"comment_status":"open","ping_status":"open","sticky":false,"template":"","format":"standard","meta":{"footnotes":""},"categories":[18],"tags":[],"class_list":["post-98655","post","type-post","status-publish","format-standard","hentry","category-economia"],"_links":{"self":[{"href":"https:\/\/diariodominicano.com\/index.php?rest_route=\/wp\/v2\/posts\/98655","targetHints":{"allow":["GET"]}}],"collection":[{"href":"https:\/\/diariodominicano.com\/index.php?rest_route=\/wp\/v2\/posts"}],"about":[{"href":"https:\/\/diariodominicano.com\/index.php?rest_route=\/wp\/v2\/types\/post"}],"author":[{"embeddable":true,"href":"https:\/\/diariodominicano.com\/index.php?rest_route=\/wp\/v2\/users\/3"}],"replies":[{"embeddable":true,"href":"https:\/\/diariodominicano.com\/index.php?rest_route=%2Fwp%2Fv2%2Fcomments&post=98655"}],"version-history":[{"count":0,"href":"https:\/\/diariodominicano.com\/index.php?rest_route=\/wp\/v2\/posts\/98655\/revisions"}],"wp:attachment":[{"href":"https:\/\/diariodominicano.com\/index.php?rest_route=%2Fwp%2Fv2%2Fmedia&parent=98655"}],"wp:term":[{"taxonomy":"category","embeddable":true,"href":"https:\/\/diariodominicano.com\/index.php?rest_route=%2Fwp%2Fv2%2Fcategories&post=98655"},{"taxonomy":"post_tag","embeddable":true,"href":"https:\/\/diariodominicano.com\/index.php?rest_route=%2Fwp%2Fv2%2Ftags&post=98655"}],"curies":[{"name":"wp","href":"https:\/\/api.w.org\/{rel}","templated":true}]}}