{"id":98651,"date":"2013-12-03T14:14:51","date_gmt":"2013-12-03T14:14:51","guid":{"rendered":"http:\/\/diariodominicano.ddns.net\/?p=98651"},"modified":"2013-12-03T14:14:51","modified_gmt":"2013-12-03T14:14:51","slug":"gobierno-inicio-desde-este-lunes-desembolso-de-rd50000-mm","status":"publish","type":"post","link":"https:\/\/diariodominicano.com\/?p=98651","title":{"rendered":"Gobierno inici\u00f3 desde este lunes desembolso de RD$50,000 MM"},"content":{"rendered":"<p><body><\/p>\n<p><img decoding=\"async\" src=\"img3\/jose 3.jpg\" \/>  <\/p>\n<p>Santo Domingo RD 3 diciembre.- Desde este lunes, y por diversos conceptos, el Gobierno inici\u00f3 el desembolso de alrededor de RD$50, 000 millones, que incluyen el pago de la regal\u00eda pascual, el sueldo correspondiente al mes de diciembre, que suman en conjunto la suma de RD$19,000 millones.<\/p>\n<\/p>\n<p>Por concepto del sueldo n\u00famero 13 y \/o regal\u00eda pascual erogar\u00e1 desde este viernes 6 de diciembre m\u00e1s de RD$9,500 millones.<\/p>\n<\/p>\n<p>Adem\u00e1s erogar\u00e1 antes de Nochebuena aproximadamente RD$9,500 millones m\u00e1s para cubrir el salario de los servidores p\u00fablicos del Gobierno Central correspondiente al mes de diciembre.<\/p>\n<\/p>\n<p>Los recursos millonarios que comenzar\u00e1n a circular desde este 2 de diciembre fueron anunciados el pasado 25 de noviembre por el ministro Administrativo de la Presidencia, Jos\u00e9 Ram\u00f3n Peralta, en el marco de un almuerzo con editores econ\u00f3micos de los principales diarios, celebrado en el Palacio Nacional.<\/p>\n<\/p>\n<p>Los desembolsos incluyen tambi\u00e9n alrededor de RD$10,000 millones que estaban pendientes del programa de reactivaci\u00f3n econ\u00f3mica puesto en marcha a partir del segundo trimestre de este 2013.<\/p>\n<\/p>\n<p>Asimismo, desde este lunes el Gobierno inici\u00f3 el desembolso de RD$10,000 millones m\u00e1s, recursos que est\u00e1n destinados a la construcci\u00f3n de las 10,000 aulas y 100 estancias infantiles.<\/p>\n<\/p>\n<\/p>\n<p>Grupo Banreservas desde hoy paga regal\u00eda pascual a empleados<\/p>\n<\/p>\n<p>Por otro lado, seg\u00fan supo este medio, el Grupo Banreservas, inici\u00f3 el pago tambi\u00e9n de la regal\u00eda pascual a sus miles de servidores a nivel nacional, recursos millonarios que se suman a los ya anunciados por el Gobierno que encabeza el presidente Danilo Medina.<\/p>\n<h6> 2013-12-03 14:14:51 <\/h6>\n<p><!--\n<link rel=\"stylesheet\" href=\"css\/bootstrap.min.css\">\n\n\n<ul class=\"pagination\">\n\t    \n\t\n\n<li >\n\t<a href='?page_no=14187'>Previous<\/a>\n\t<\/li>\n\n\n       \n    \n\n<li><a href='?page_no=1'>1<\/a><\/li>\n\n\n\n<li><a href='?page_no=2'>2<\/a><\/li>\n\n\n\n<li><a>...<\/a><\/li>\n\n\n\n<li><a href='?page_no=14186'>14186<\/a><\/li>\n\n\n\n<li><a href='?page_no=14187'>14187<\/a><\/li>\n\n\n\n<li class='active'><a>14188<\/a><\/li>\n\n\n\n<li><a href='?page_no=14189'>14189<\/a><\/li>\n\n\n\n<li><a href='?page_no=14190'>14190<\/a><\/li>\n\n\n\n<li><a>...<\/a><\/li>\n\n\n\n<li><a href='?page_no=30472'>30472<\/a><\/li>\n\n\n\n<li><a href='?page_no=30473'>30473<\/a><\/li>\n\n    \n\t\n\n<li >\n\t<a href='?page_no=14189'>Next<\/a>\n\t<\/li>\n\n\n    \n\n<li><a href='?page_no=30473'>Last &rsaquo;&rsaquo;<\/a><\/li>\n\n<\/ul>\n\n\n--><br \/>\n<\/body><\/p>\n","protected":false},"excerpt":{"rendered":"<p>Santo Domingo RD 3 diciembre.- Desde este lunes, y por diversos conceptos, el Gobierno inici\u00f3 el desembolso de alrededor de RD$50, 000 millones, que incluyen el pago de la regal\u00eda pascual, el sueldo correspondiente al mes de diciembre, que suman en conjunto la suma de RD$19,000 millones. Por concepto del sueldo n\u00famero 13 y \/o [&hellip;]<\/p>\n","protected":false},"author":3,"featured_media":0,"comment_status":"open","ping_status":"open","sticky":false,"template":"","format":"standard","meta":{"footnotes":""},"categories":[18],"tags":[],"class_list":["post-98651","post","type-post","status-publish","format-standard","hentry","category-economia"],"_links":{"self":[{"href":"https:\/\/diariodominicano.com\/index.php?rest_route=\/wp\/v2\/posts\/98651","targetHints":{"allow":["GET"]}}],"collection":[{"href":"https:\/\/diariodominicano.com\/index.php?rest_route=\/wp\/v2\/posts"}],"about":[{"href":"https:\/\/diariodominicano.com\/index.php?rest_route=\/wp\/v2\/types\/post"}],"author":[{"embeddable":true,"href":"https:\/\/diariodominicano.com\/index.php?rest_route=\/wp\/v2\/users\/3"}],"replies":[{"embeddable":true,"href":"https:\/\/diariodominicano.com\/index.php?rest_route=%2Fwp%2Fv2%2Fcomments&post=98651"}],"version-history":[{"count":0,"href":"https:\/\/diariodominicano.com\/index.php?rest_route=\/wp\/v2\/posts\/98651\/revisions"}],"wp:attachment":[{"href":"https:\/\/diariodominicano.com\/index.php?rest_route=%2Fwp%2Fv2%2Fmedia&parent=98651"}],"wp:term":[{"taxonomy":"category","embeddable":true,"href":"https:\/\/diariodominicano.com\/index.php?rest_route=%2Fwp%2Fv2%2Fcategories&post=98651"},{"taxonomy":"post_tag","embeddable":true,"href":"https:\/\/diariodominicano.com\/index.php?rest_route=%2Fwp%2Fv2%2Ftags&post=98651"}],"curies":[{"name":"wp","href":"https:\/\/api.w.org\/{rel}","templated":true}]}}