{"id":98650,"date":"2013-12-03T14:19:09","date_gmt":"2013-12-03T14:19:09","guid":{"rendered":"http:\/\/diariodominicano.ddns.net\/?p=98650"},"modified":"2013-12-03T14:19:09","modified_gmt":"2013-12-03T14:19:09","slug":"ministro-de-industria-y-comercio-resalta-avances-en-materia-de-propiedad-intelectual-en-rd","status":"publish","type":"post","link":"https:\/\/diariodominicano.com\/?p=98650","title":{"rendered":"Ministro de Industria y Comercio resalta avances en materia de Propiedad Intelectual en RD"},"content":{"rendered":"<p><body><\/p>\n<p><img decoding=\"async\" src=\"img3\/comercio 3.jpg\" \/>  <\/p>\n<p>Ministro de Industria y Comercio resalta avances en materia de Propiedad Intelectual en RD<\/p>\n<\/p>\n<\/p>\n<p>\u00abLa Rep\u00fablica Dominicana tiene establecido un sistema y un plan de acci\u00f3n de propiedad intelectual eficaz y equitativo que contribuye al desarrollo econ\u00f3mico, al bienestar social y cultural, ayudando a establecer un equilibrio entre los intereses del innovador y el inter\u00e9s p\u00fablico, proporcionando un entorno en el que la creatividad y la invenci\u00f3n puedan florecer en beneficio de todos los dominicanos\u00bb, en estos t\u00e9rminos se expres\u00f3 el ministro de Industria y Comercio al disertar en la XVII Jornada de Trabajo y Consejo de Administraci\u00f3n de la Asociaci\u00f3n Interamericana de la Propiedad Intelectual (ASIPI).<\/p>\n<\/p>\n<p>Jos\u00e9 Del Castillo Savi\u00f1\u00f3n puso como ejemplo la protecci\u00f3n de los derechos de las marcas, de lo cual la Rep\u00fablica Dominicana expresa su voluntad de seguir trabajando en la efectiva protecci\u00f3n de los mismos, mediante el apoyo a la no utilizaci\u00f3n de empaques gen\u00e9ricos a los productos de tabaco.<\/p>\n<\/p>\n<p>\u00abLa propiedad intelectual es un elemento determinante para el desarrollo de mercados informados, competitivos y justos; ha sido determinante adem\u00e1s, para una renovada y din\u00e1mica evoluci\u00f3n de la cultura, la ciencia y la tecnolog\u00eda, lo que ha significado mayor calidad y expectativas de vida para la humanidad\u00bb, destac\u00f3 el funcionario en la actividad que se celebrar\u00e1 del 1 al 4 del presente mes, en el Hard Rock Hotel &amp; Casino.<\/p>\n<\/p>\n<p>El titular del MIC salud\u00f3 la celebraci\u00f3n de este encuentro para establecer estrategias comunes para enfrentar los problemas fundamentales que se suscitan en nuestros pa\u00edses en materia de propiedad intelectual. Dijo que el mismo, permite reafirmar los compromisos de cooperaci\u00f3n internacional a trav\u00e9s del intercambio de experiencias con la consolidaci\u00f3n de canales de cooperaci\u00f3n y comunicaci\u00f3n que deben estar al servicio del sistema de la justicia de Iberoam\u00e9rica.<\/p>\n<\/p>\n<p>Del Castillo Savi\u00f1\u00f3n enfatiz\u00f3 que es una prioridad para el Gobierno dominicano defender los derechos adquiridos en los acuerdos de la OMC, el ADPIC, por cual raz\u00f3n, se elev\u00f3 ante el \u00d3rgano de Soluci\u00f3n de Diferencias de dicha entidad, una primera solicitud de establecimiento de un \u00abgrupo especial\u00bb en contra de las medidas de algunos pa\u00edses como Australia.<\/p>\n<\/p>\n<p>\u00abEl compromiso del Gobierno dominicano es firme y estas acciones demuestran que es la intenci\u00f3n del mismo preservar los derechos de propiedad intelectual\u00bb, insisti\u00f3. En ese sentido, reiter\u00f3 su incondicional apoyo a todos los sectores vinculados a la propiedad intelectual.<\/p>\n<\/p>\n<p>Adem\u00e1s de Del Castillo Savi\u00f1\u00f3n, estuvieron presentes: la directora de Comercio Exterior del MIC, Katrina Naut; Juan Vanrell, presidente de la Asociaci\u00f3n Interamericana Propiedad Intelectual (ASIPI); Mar\u00eda del Pilar Troncoso, Vicepresidenta primera, de ASIPI; Justin Young, secretario AIPI; Juan Antonio Toledo, director Senior para el Bur\u00f3 Regional de Am\u00e9rica Latina y el Caribe Organizaci\u00f3n Mundial de la Propiedad Intelectual (OMPI). Tambi\u00e9n, Juan Jos\u00e9 B\u00e1ez, director de la Oficina Nacional de la Propiedad Industrial (ONAPI), entre otros.<\/p>\n<\/p>\n<p>ASIPI<\/p>\n<p>La Asociaci\u00f3n Interamericana de la Propiedad Intelectual (ASIPI), es un organismo integrado actualmente por m\u00e1s de 1.000 miembros provenientes de 46 pa\u00edses de Am\u00e9rica, Europa, Asia y \u00c1frica, con el com\u00fan denominador de ser practicantes y defensores del derecho de la propiedad intelectual.<\/p>\n<\/p>\n<p>ASIPI es una organizaci\u00f3n sin \u00e1nimo de lucro, cuya finalidad principal es promover en los pa\u00edses americanos el desarrollo y armonizaci\u00f3n de las leyes, regulaciones y procedimientos relativos a la propiedad industrial e intelectual, entendidos en su sentido m\u00e1s amplio, que tengan relaci\u00f3n con la industria, el comercio, los servicios, la agricultura, la ganader\u00eda y a los que en el futuro tambi\u00e9n se consideren como propiedad industrial o intelectual.<\/p>\n<\/p>\n<p>Inaugur\u00f3 su XVII Jornadas de Trabajo y Consejo de Administraci\u00f3n de ASIPI en el hotel Hard Rock &amp; Casino, la cual culminar\u00e1 el d\u00eda 4 del presente mes. Durante el encuentro se analizar\u00e1n aspectos relativos a la propiedad Intelectual.<\/p>\n<h6> 2013-12-03 14:19:09 <\/h6>\n<p><!--\n<link rel=\"stylesheet\" href=\"css\/bootstrap.min.css\">\n\n\n<ul class=\"pagination\">\n\t    \n\t\n\n<li >\n\t<a href='?page_no=14186'>Previous<\/a>\n\t<\/li>\n\n\n       \n    \n\n<li><a href='?page_no=1'>1<\/a><\/li>\n\n\n\n<li><a href='?page_no=2'>2<\/a><\/li>\n\n\n\n<li><a>...<\/a><\/li>\n\n\n\n<li><a href='?page_no=14185'>14185<\/a><\/li>\n\n\n\n<li><a href='?page_no=14186'>14186<\/a><\/li>\n\n\n\n<li class='active'><a>14187<\/a><\/li>\n\n\n\n<li><a href='?page_no=14188'>14188<\/a><\/li>\n\n\n\n<li><a href='?page_no=14189'>14189<\/a><\/li>\n\n\n\n<li><a>...<\/a><\/li>\n\n\n\n<li><a href='?page_no=30472'>30472<\/a><\/li>\n\n\n\n<li><a href='?page_no=30473'>30473<\/a><\/li>\n\n    \n\t\n\n<li >\n\t<a href='?page_no=14188'>Next<\/a>\n\t<\/li>\n\n\n    \n\n<li><a href='?page_no=30473'>Last &rsaquo;&rsaquo;<\/a><\/li>\n\n<\/ul>\n\n\n--><br \/>\n<\/body><\/p>\n","protected":false},"excerpt":{"rendered":"<p>Ministro de Industria y Comercio resalta avances en materia de Propiedad Intelectual en RD \u00abLa Rep\u00fablica Dominicana tiene establecido un sistema y un plan de acci\u00f3n de propiedad intelectual eficaz y equitativo que contribuye al desarrollo econ\u00f3mico, al bienestar social y cultural, ayudando a establecer un equilibrio entre los intereses del innovador y el inter\u00e9s [&hellip;]<\/p>\n","protected":false},"author":3,"featured_media":0,"comment_status":"open","ping_status":"open","sticky":false,"template":"","format":"standard","meta":{"footnotes":""},"categories":[18],"tags":[],"class_list":["post-98650","post","type-post","status-publish","format-standard","hentry","category-economia"],"_links":{"self":[{"href":"https:\/\/diariodominicano.com\/index.php?rest_route=\/wp\/v2\/posts\/98650","targetHints":{"allow":["GET"]}}],"collection":[{"href":"https:\/\/diariodominicano.com\/index.php?rest_route=\/wp\/v2\/posts"}],"about":[{"href":"https:\/\/diariodominicano.com\/index.php?rest_route=\/wp\/v2\/types\/post"}],"author":[{"embeddable":true,"href":"https:\/\/diariodominicano.com\/index.php?rest_route=\/wp\/v2\/users\/3"}],"replies":[{"embeddable":true,"href":"https:\/\/diariodominicano.com\/index.php?rest_route=%2Fwp%2Fv2%2Fcomments&post=98650"}],"version-history":[{"count":0,"href":"https:\/\/diariodominicano.com\/index.php?rest_route=\/wp\/v2\/posts\/98650\/revisions"}],"wp:attachment":[{"href":"https:\/\/diariodominicano.com\/index.php?rest_route=%2Fwp%2Fv2%2Fmedia&parent=98650"}],"wp:term":[{"taxonomy":"category","embeddable":true,"href":"https:\/\/diariodominicano.com\/index.php?rest_route=%2Fwp%2Fv2%2Fcategories&post=98650"},{"taxonomy":"post_tag","embeddable":true,"href":"https:\/\/diariodominicano.com\/index.php?rest_route=%2Fwp%2Fv2%2Ftags&post=98650"}],"curies":[{"name":"wp","href":"https:\/\/api.w.org\/{rel}","templated":true}]}}