{"id":98648,"date":"2013-12-03T18:20:34","date_gmt":"2013-12-03T18:20:34","guid":{"rendered":"http:\/\/diariodominicano.ddns.net\/?p=98648"},"modified":"2013-12-03T18:20:34","modified_gmt":"2013-12-03T18:20:34","slug":"oferta-de-hortalizas-y-vegetales-sera-abundante-durante-las-navidades","status":"publish","type":"post","link":"https:\/\/diariodominicano.com\/?p=98648","title":{"rendered":"&#13;Oferta de hortalizas y vegetales ser\u00e1 abundante durante las navidades"},"content":{"rendered":"<p><body><\/p>\n<\/p>\n<\/p>\n<p>Santo Domingo, RD, 03 de diciembre.- El Ministerio de Agricultura garantiz\u00f3 que durante el periodo de las fiestas navide\u00f1as, la oferta de hortalizas y vegetales ser\u00e1 abundante, lo que permitir\u00e1 a la poblaci\u00f3n adquirir estos productos a bajos precios.<\/p>\n<\/p>\n<p>La instituci\u00f3n del agro inform\u00f3 que fruto de la siembra de 120 mil tareas de cultivos de ciclo corto que inici\u00f3 en septiembre en las ocho Direcciones Regionales, para finales de diciembre y principio de enero entrar\u00e1n al mercado m\u00e1s de 450 mil quintales de cebolla, 720 mil zanahoria, 300 mil de remolacha, 8 millones de unidades de repollo, as\u00ed como m\u00e1s de un mill\u00f3n de quintales de tomate de ensalada.<\/p>\n<\/p>\n<p>Indic\u00f3 que estos vol\u00famenes esperados de producci\u00f3n son una garant\u00eda de que los precios de estos alimentos ser\u00e1n accesibles para toda la poblaci\u00f3n dominicana, que en Navidad y A\u00f1o Nuevo los demanda en grandes cantidades.<\/p>\n<\/p>\n<p>Actualmente, en mercados, colmados y puestos ambulantes de todo el pa\u00eds, se observa una gran oferta de las hortalizas y vegetales arriba citados, as\u00ed como de tayota, pepino, lechuga, molondr\u00f3n, aj\u00ede cubanela, lechuga repollada, lechuga criolla, apio, espinaca, puerro, br\u00f3coli, vainita, r\u00e1bano, cilantro, perejil, entre otros.<\/p>\n<\/p>\n<p>Para el plan de siembra masiva de hortalizas y vegetales, que se ejecuta en coordinaci\u00f3n con la Vicepresidenta de la Rep\u00fablica, Margarita Cede\u00f1o de Fern\u00e1ndez, el Estado, a trav\u00e9s de Agricultura, subsidi\u00f3 en m\u00e1s de un 75 por ciento la preparaci\u00f3n de las 120 mil tareas en cultivo, apoyo que beneficia a m\u00e1s de 8 mil productores a nivel nacional.<\/p>\n<\/p>\n<p>El objetivo fundamental del plan es que las familias dominicanas de menores ingresos establezcan sus propios huertos; produzcan las hortalizas y vegetales de su dieta diaria, y puedan colocar en el mercado los excedentes, lo que fortalecer\u00e1 la seguridad alimentaria nacional y contribuir\u00e1 con la reducci\u00f3n de la pobreza.<\/p>\n<\/p>\n<p>Las hortalizas y vegetales forman parte de los tradicionales alimentos de la cena navide\u00f1a de los dominicanos, ya que se a partir de ellos se preparan las ensaladas y otros platos.<\/p>\n<\/p>\n<p>Agricultura tambi\u00e9n record\u00f3 que durante todos los fines de semana, de viernes a domingo, la poblaci\u00f3n puede adquirir en el Merca Santo Domingo los productos de la canasta b\u00e1sica familiar a precios populares.<\/p>\n<\/p>\n<p>Otras ayudas que proporcion\u00f3 el Ministerio de Agricultura para este plan de siembra incluye la donaci\u00f3n de 25 mil libras de semillas de las diferentes hortalizas, as\u00ed como asistencia t\u00e9cnica permanente y facilidades en la colocaci\u00f3n de los productos en el mercado.<\/p>\n<\/p>\n<\/p>\n<\/p>\n<h6> 2013-12-03 18:20:34 <\/h6>\n<p><!--\n<link rel=\"stylesheet\" href=\"css\/bootstrap.min.css\">\n\n\n<ul class=\"pagination\">\n\t    \n\t\n\n<li >\n\t<a href='?page_no=14184'>Previous<\/a>\n\t<\/li>\n\n\n       \n    \n\n<li><a href='?page_no=1'>1<\/a><\/li>\n\n\n\n<li><a href='?page_no=2'>2<\/a><\/li>\n\n\n\n<li><a>...<\/a><\/li>\n\n\n\n<li><a href='?page_no=14183'>14183<\/a><\/li>\n\n\n\n<li><a href='?page_no=14184'>14184<\/a><\/li>\n\n\n\n<li class='active'><a>14185<\/a><\/li>\n\n\n\n<li><a href='?page_no=14186'>14186<\/a><\/li>\n\n\n\n<li><a href='?page_no=14187'>14187<\/a><\/li>\n\n\n\n<li><a>...<\/a><\/li>\n\n\n\n<li><a href='?page_no=30472'>30472<\/a><\/li>\n\n\n\n<li><a href='?page_no=30473'>30473<\/a><\/li>\n\n    \n\t\n\n<li >\n\t<a href='?page_no=14186'>Next<\/a>\n\t<\/li>\n\n\n    \n\n<li><a href='?page_no=30473'>Last &rsaquo;&rsaquo;<\/a><\/li>\n\n<\/ul>\n\n\n--><br \/>\n<\/body><\/p>\n","protected":false},"excerpt":{"rendered":"<p>Santo Domingo, RD, 03 de diciembre.- El Ministerio de Agricultura garantiz\u00f3 que durante el periodo de las fiestas navide\u00f1as, la oferta de hortalizas y vegetales ser\u00e1 abundante, lo que permitir\u00e1 a la poblaci\u00f3n adquirir estos productos a bajos precios. La instituci\u00f3n del agro inform\u00f3 que fruto de la siembra de 120 mil tareas de cultivos [&hellip;]<\/p>\n","protected":false},"author":3,"featured_media":0,"comment_status":"open","ping_status":"open","sticky":false,"template":"","format":"standard","meta":{"footnotes":""},"categories":[18],"tags":[],"class_list":["post-98648","post","type-post","status-publish","format-standard","hentry","category-economia"],"_links":{"self":[{"href":"https:\/\/diariodominicano.com\/index.php?rest_route=\/wp\/v2\/posts\/98648","targetHints":{"allow":["GET"]}}],"collection":[{"href":"https:\/\/diariodominicano.com\/index.php?rest_route=\/wp\/v2\/posts"}],"about":[{"href":"https:\/\/diariodominicano.com\/index.php?rest_route=\/wp\/v2\/types\/post"}],"author":[{"embeddable":true,"href":"https:\/\/diariodominicano.com\/index.php?rest_route=\/wp\/v2\/users\/3"}],"replies":[{"embeddable":true,"href":"https:\/\/diariodominicano.com\/index.php?rest_route=%2Fwp%2Fv2%2Fcomments&post=98648"}],"version-history":[{"count":0,"href":"https:\/\/diariodominicano.com\/index.php?rest_route=\/wp\/v2\/posts\/98648\/revisions"}],"wp:attachment":[{"href":"https:\/\/diariodominicano.com\/index.php?rest_route=%2Fwp%2Fv2%2Fmedia&parent=98648"}],"wp:term":[{"taxonomy":"category","embeddable":true,"href":"https:\/\/diariodominicano.com\/index.php?rest_route=%2Fwp%2Fv2%2Fcategories&post=98648"},{"taxonomy":"post_tag","embeddable":true,"href":"https:\/\/diariodominicano.com\/index.php?rest_route=%2Fwp%2Fv2%2Ftags&post=98648"}],"curies":[{"name":"wp","href":"https:\/\/api.w.org\/{rel}","templated":true}]}}