{"id":98647,"date":"2013-12-03T18:31:37","date_gmt":"2013-12-03T18:31:37","guid":{"rendered":"http:\/\/diariodominicano.ddns.net\/?p=98647"},"modified":"2013-12-03T18:31:37","modified_gmt":"2013-12-03T18:31:37","slug":"en-foro-del-caribe-ministro-montas-aboga-por-humanizar-la-competitividad-global","status":"publish","type":"post","link":"https:\/\/diariodominicano.com\/?p=98647","title":{"rendered":"&#13;En Foro del Caribe, Ministro Mont\u00e1s aboga por humanizar la competitividad global"},"content":{"rendered":"<p><body><\/p>\n<\/p>\n<p>Santo Domingo, RD, 03 de diciembre.- El ministro de Econom\u00eda, Planificaci\u00f3n y Desarrollo, ingeniero Tem\u00edstocles Mont\u00e1s, reclam\u00f3 este martes ante el Foro para el Crecimiento del Caribe (FCC), una iniciativa de gobiernos de la regi\u00f3n y organismos internacionales, que se interponga el factor social y humano de los dominicanos a la competitividad que \u00aba todo costo\u00bb impulsa la globalizaci\u00f3n. <\/p>\n<\/p>\n<p>Reconoci\u00f3 que para competir en el mundo actual, m\u00e1s interdependiente y globalizado, se amerita de una estructura productiva que permita hacerlo bajo esos nuevos paradigmas. Empero, advirti\u00f3 que no basta crecer econ\u00f3micamente y mejorar la productividad, si no se mejoran los indicadores de desarrollo humano.<\/p>\n<\/p>\n<p>Mont\u00e1s abri\u00f3 el Foro en el Sal\u00f3n Verde del Palacio Nacional con un discurso de bienvenida a los participantes, entre ellos representantes de los pa\u00edses del Caribe y de los ministerios de Hacienda, Obras P\u00fablicas e  Industria y Comercio, as\u00ed como del Ministro sin Cartera, Antonio Isa Conde, Asesor del Poder Ejecutivo en Pol\u00edticas para el Desarrollo, inform\u00f3 la Unidad de Comunicaciones del Ministerio de Econom\u00eda.<\/p>\n<\/p>\n<p>El Foro cuenta con los auspicios del Banco Mundial, del Banco Interamericano de Desarrollo (BID), Compete Caribe\u00f1a, el Banco Caribe\u00f1o de Desarrollo (CDD) y la Uni\u00f3n Europea, as\u00ed como  de varios ministerios, directores de entidades gubernamentales y de representantes de gremios empresariales como tambi\u00e9n de organizaciones de la sociedad civil.<\/p>\n<\/p>\n<p>En el Foro se identificaron m\u00e1s de 80 acciones concretas que est\u00e1n siendo impulsadas por 17 ministerios y 30 puntos focales designados por el gobierno para mejorar el clima de inversi\u00f3n, la educaci\u00f3n, la competitividad y generar empleo con mayor remuneraci\u00f3n. Se trata de una iniciativa a dos a\u00f1os destinada a promover el crecimiento sostenible y las oportunidades para todo el Caribe.<\/p>\n<\/p>\n<p>Mont\u00e1s asegur\u00f3 que donde el crecimiento econ\u00f3mico de una naci\u00f3n y sus niveles de competitividad no reflejan mejoras de los indicadores institucionales, sociales y ambientales, tal crecimiento har\u00e1 rico s\u00f3lo a unos pocos y m\u00e1s pobres a muchos.<\/p>\n<\/p>\n<p>\u00abPudi\u00e9ramos decir, pues, que la competitividad ha de estar puesta al servicio de los dominicanos y no los dominicanos puestos al servicio de la competitividad\u00bb, subray\u00f3 Mont\u00e1s.<\/p>\n<\/p>\n<p>En ese sentido resalt\u00f3 que el pa\u00eds cuenta con la Estrategia Nacional de Desarrollo (END) (Ley 1-12) donde figura la visi\u00f3n y los objetivos a ser alcanzados al 2030, m\u00e1s el Plan Plurianual Nacional del Sector P\u00fablico, el cual contiene los objetivos y las metas para el corto plazo de cuatro a\u00f1os. <\/p>\n<\/p>\n<p>Record\u00f3 que a trav\u00e9s de la END el pa\u00eds aspira contar con una econom\u00eda territorial y sectorialmente integrada, innovadora, orientada a la calidad y ambientalmente sostenible, que crea y desconcentra riqueza, genera crecimiento alto y sostenido, con equidad y empleo digno, y aprovecha y potencia las oportunidades del mercado local y se inserta de forma competitiva en la econom\u00eda global.<\/p>\n<\/p>\n<p>Empero apel\u00f3, para lograrlo, a que la sociedad suscriba el pacto por la educaci\u00f3n ya en proceso de consulta, el pacto el\u00e9ctrico iniciado recientemente con la licitaci\u00f3n de generadores a carb\u00f3n, y el pacto fiscal pendiente, \u00abel m\u00e1s complejo\u00bb.<\/p>\n<\/p>\n<p>\u00abEste pacto implica redefinir la forma en c\u00f3mo se recaudan y gastan los impuestos y hacer a nuestras industrias y empresas m\u00e1s competitivas globalmente, sin que el Estado pierda la capacidad de inversi\u00f3n social, requerida por la naci\u00f3n\u00bb, indic\u00f3.<\/p>\n<\/p>\n<p>Mont\u00e1s dijo que, al participar como responsable del \u00e1rea de planificaci\u00f3n en todos los procesos de concertaci\u00f3n hasta la Estrategia, hoy est\u00e1 m\u00e1s comprometido con el presente y el futuro del pa\u00eds junto al presidente Danilo Medina, de quien dijo que tambi\u00e9n ha asumido la competitividad como prioridad del gobierno. <\/p>\n<\/p>\n<p>Defini\u00f3 el Foro como una iniciativa que ayuda a priorizar reformas urgentes y necesarias para los objetivos de la Estrategia Nacional de Desarrollo, tales como la reducci\u00f3n de los costos y el simplificar los tr\u00e1mites para apertura de nuevos negocios.<\/p>\n<\/p>\n<p>Tambi\u00e9n promover el desarrollo de las peque\u00f1as y medianas empresas mediante el acceso al cr\u00e9dito, la creaci\u00f3n de fondos especiales a emprendedores, el micro seguro, y la implementaci\u00f3n de la Ley para la Defensa de la Competitividad.<\/p>\n<\/p>\n<p>\u00abAsimismo impulsar un pacto el\u00e9ctrico y establecer un foro de di\u00e1logo sobre el sector energ\u00e9tico del pa\u00eds, la necesidad de mejorar los indicadores del Doing Business, de definir una pol\u00edtica nacional de log\u00edstica, como tambi\u00e9n el fortalecer el encadenamiento productivo con apoyo a los peque\u00f1os y medianos productores agr\u00edcolas\u00bb, a\u00f1adi\u00f3.<\/p>\n<\/p>\n<p>El ministro resalt\u00f3 como importante en esta coalici\u00f3n de esfuerzos p\u00fablico-privados y de la sociedad civil el impulsar cambios en la acci\u00f3n y en resultados y no s\u00f3lo en diagn\u00f3stico, lo cual dijo que contribuir\u00e1 a priorizar reformas urgentes y necesarias para los objetivos de la END.<\/p>\n<\/p>\n<p>El cap\u00edtulo dominicano del Foro para el Crecimiento del Caribe, el primero en ser lanzado en la regi\u00f3n en noviembre de 2012, es una iniciativa de los gobiernos caribe\u00f1os apoyada por el BID, el BM y el Banco de Desarrollo del Caribe.<\/p>\n<\/p>\n<p>Es coordinado por el MEPyD desde el encuentro de m\u00e1s de 170 participantes del sector p\u00fablico y privado y de la sociedad civil y el involucramiento de los ministerios de Industria, de la Presidencia y el Consejo Nacional de Competitividad.<\/p>\n<\/p>\n<h6> 2013-12-03 18:31:37 <\/h6>\n<p><!--\n<link rel=\"stylesheet\" href=\"css\/bootstrap.min.css\">\n\n\n<ul class=\"pagination\">\n\t    \n\t\n\n<li >\n\t<a href='?page_no=14183'>Previous<\/a>\n\t<\/li>\n\n\n       \n    \n\n<li><a href='?page_no=1'>1<\/a><\/li>\n\n\n\n<li><a href='?page_no=2'>2<\/a><\/li>\n\n\n\n<li><a>...<\/a><\/li>\n\n\n\n<li><a href='?page_no=14182'>14182<\/a><\/li>\n\n\n\n<li><a href='?page_no=14183'>14183<\/a><\/li>\n\n\n\n<li class='active'><a>14184<\/a><\/li>\n\n\n\n<li><a href='?page_no=14185'>14185<\/a><\/li>\n\n\n\n<li><a href='?page_no=14186'>14186<\/a><\/li>\n\n\n\n<li><a>...<\/a><\/li>\n\n\n\n<li><a href='?page_no=30472'>30472<\/a><\/li>\n\n\n\n<li><a href='?page_no=30473'>30473<\/a><\/li>\n\n    \n\t\n\n<li >\n\t<a href='?page_no=14185'>Next<\/a>\n\t<\/li>\n\n\n    \n\n<li><a href='?page_no=30473'>Last &rsaquo;&rsaquo;<\/a><\/li>\n\n<\/ul>\n\n\n--><br \/>\n<\/body><\/p>\n","protected":false},"excerpt":{"rendered":"<p>Santo Domingo, RD, 03 de diciembre.- El ministro de Econom\u00eda, Planificaci\u00f3n y Desarrollo, ingeniero Tem\u00edstocles Mont\u00e1s, reclam\u00f3 este martes ante el Foro para el Crecimiento del Caribe (FCC), una iniciativa de gobiernos de la regi\u00f3n y organismos internacionales, que se interponga el factor social y humano de los dominicanos a la competitividad que \u00aba todo [&hellip;]<\/p>\n","protected":false},"author":3,"featured_media":0,"comment_status":"open","ping_status":"open","sticky":false,"template":"","format":"standard","meta":{"footnotes":""},"categories":[18],"tags":[],"class_list":["post-98647","post","type-post","status-publish","format-standard","hentry","category-economia"],"_links":{"self":[{"href":"https:\/\/diariodominicano.com\/index.php?rest_route=\/wp\/v2\/posts\/98647","targetHints":{"allow":["GET"]}}],"collection":[{"href":"https:\/\/diariodominicano.com\/index.php?rest_route=\/wp\/v2\/posts"}],"about":[{"href":"https:\/\/diariodominicano.com\/index.php?rest_route=\/wp\/v2\/types\/post"}],"author":[{"embeddable":true,"href":"https:\/\/diariodominicano.com\/index.php?rest_route=\/wp\/v2\/users\/3"}],"replies":[{"embeddable":true,"href":"https:\/\/diariodominicano.com\/index.php?rest_route=%2Fwp%2Fv2%2Fcomments&post=98647"}],"version-history":[{"count":0,"href":"https:\/\/diariodominicano.com\/index.php?rest_route=\/wp\/v2\/posts\/98647\/revisions"}],"wp:attachment":[{"href":"https:\/\/diariodominicano.com\/index.php?rest_route=%2Fwp%2Fv2%2Fmedia&parent=98647"}],"wp:term":[{"taxonomy":"category","embeddable":true,"href":"https:\/\/diariodominicano.com\/index.php?rest_route=%2Fwp%2Fv2%2Fcategories&post=98647"},{"taxonomy":"post_tag","embeddable":true,"href":"https:\/\/diariodominicano.com\/index.php?rest_route=%2Fwp%2Fv2%2Ftags&post=98647"}],"curies":[{"name":"wp","href":"https:\/\/api.w.org\/{rel}","templated":true}]}}