{"id":98646,"date":"2013-12-03T18:50:38","date_gmt":"2013-12-03T18:50:38","guid":{"rendered":"http:\/\/diariodominicano.ddns.net\/?p=98646"},"modified":"2013-12-03T18:50:38","modified_gmt":"2013-12-03T18:50:38","slug":"adoexpo-reconocera-este-miercoles-excelencia-exportadora","status":"publish","type":"post","link":"https:\/\/diariodominicano.com\/?p=98646","title":{"rendered":"&#13;&#13;&#13;ADOEXPO reconocer\u00e1 este mi\u00e9rcoles excelencia exportadora"},"content":{"rendered":"<p><body><\/p>\n<\/p>\n<\/p>\n<p>Santo Domingo, RD, 03 de diciembre.- La Asociaci\u00f3n Dominicana de Exportadores (ADOEXPO) entregar\u00e1 este mi\u00e9rcoles 4 de diciembre los XXVII Premios a la Excelencia Exportadora 2012, durante la celebraci\u00f3n de la Gran Cena de Exportador Dominicana, que se iniciar\u00e1 a partir de las 7 de la noche en el Sal\u00f3n La Fiesta del Hotel Jaragua.<\/p>\n<\/p>\n<p>El presidente de ADOEXPO, Kai Schoenhals,  tendr\u00e1 a su cargo el discurso central de la ceremonia que contar\u00e1 con la asistencia de los directores de Aduanas, Fernando Fernando; de Impuestos Internos, Guarocuya F\u00e9lix; de Proindustria, Alexandra Izquierdo y del Centro de Exportaci\u00f3n e Inversi\u00f3n, Jean Alain.<\/p>\n<\/p>\n<p>Confirmaron su asistencia, adem\u00e1s, Jos\u00e9 Manuel Trullols, canciller en funciones; Flora Montealegre, representante del Banco Interamericano de Desarrollo (BID); Manuel Diez Cabral, presidente del Consejo Nacional de la Empresa Privada (CONEP); Ligia Bonetti, presidente de la Asociaci\u00f3n de Industrias (AIRD); Luisa Fern\u00e1ndez, directora del Consejo Nacional de Zonas Francas, as\u00ed como miembros del cuerpo diplom\u00e1tico.<\/p>\n<\/p>\n<p>Como cada a\u00f1o ADOEXPO organiza estos galardones, que tienen como objetivos reconocer a las empresas que han sabido conquistar los mercados internacionales, con esfuerzo, dedicaci\u00f3n y talento.<\/p>\n<\/p>\n<p>El \u00abGran Exportador Dominicano\u00bb, m\u00e1ximo galard\u00f3n, recibir\u00e1 una placa y un sello de excelencia exportadora dominicana en sus productos durante los tres a\u00f1os siguientes.<\/p>\n<\/p>\n<p>Las empresas nominadas en este rengl\u00f3n son Brugal &amp; Compa\u00f1\u00eda, Grupo Diesco, Industrias Nacionales (INCA), mientras que en la categor\u00eda \u00abExcelencia Exportadora Agr\u00edcola\u00bb compiten Dominican Tropical Fruits, Flores de Jarabacoa y MOVICAC.<\/p>\n<\/p>\n<p>Como \u00abServicios al Sector Exportador\u00bb est\u00e1n nominados para recibir este premio las compa\u00f1\u00edas General Air Services, Seaboard Dominicana y UPS.<\/p>\n<\/p>\n<p>En la \u00abExcelencia Exportadora Industrial\u00bb compiten Cemex Dominicana, Cort\u00e9s Hermanos, Quala Dominicana y Sigmaplast Dominicana, en tanto que en la categor\u00eda de \u00abZonas Francas de Exportaci\u00f3n\u00bb los candidatos son Cardinal Health, D? Clase Shoes, Hospira y Yazoo Investment.<\/p>\n<\/p>\n<p>Con la celebraci\u00f3n anual de estos galardones, ADOEXPO busca contribuir con los logros de la Estrategia Nacional de Desarrollo, como un instrumento \u00fatil para estimular el crecimiento econ\u00f3mico del pa\u00eds a trav\u00e9s de las exportaciones.<\/p>\n<\/p>\n<p>ADOEXPO es una instituci\u00f3n representante del sector privado que sirve de soporte, defensa y orientaci\u00f3n del sector exportador de la Rep\u00fablica Dominicana y, conjuntamente con el sector p\u00fablico, crea pol\u00edticas claras y viables para el mejoramiento y facilitaci\u00f3n de los procesos de exportaci\u00f3n.<\/p>\n<\/p>\n<p>ADOEXPO es miembro activo del Consejo Nacional de Zonas Francas de Exportaci\u00f3n, el Consejo del Centro de Exportaci\u00f3n e Inversi\u00f3n de la Rep\u00fablica Dominicana (CEI-RD), PROINDUSTRIA, entre otros organismos mixtos del Estado Dominicano.<\/p>\n<h6> 2013-12-03 18:50:38 <\/h6>\n<p><!--\n<link rel=\"stylesheet\" href=\"css\/bootstrap.min.css\">\n\n\n<ul class=\"pagination\">\n\t    \n\t\n\n<li >\n\t<a href='?page_no=14182'>Previous<\/a>\n\t<\/li>\n\n\n       \n    \n\n<li><a href='?page_no=1'>1<\/a><\/li>\n\n\n\n<li><a href='?page_no=2'>2<\/a><\/li>\n\n\n\n<li><a>...<\/a><\/li>\n\n\n\n<li><a href='?page_no=14181'>14181<\/a><\/li>\n\n\n\n<li><a href='?page_no=14182'>14182<\/a><\/li>\n\n\n\n<li class='active'><a>14183<\/a><\/li>\n\n\n\n<li><a href='?page_no=14184'>14184<\/a><\/li>\n\n\n\n<li><a href='?page_no=14185'>14185<\/a><\/li>\n\n\n\n<li><a>...<\/a><\/li>\n\n\n\n<li><a href='?page_no=30472'>30472<\/a><\/li>\n\n\n\n<li><a href='?page_no=30473'>30473<\/a><\/li>\n\n    \n\t\n\n<li >\n\t<a href='?page_no=14184'>Next<\/a>\n\t<\/li>\n\n\n    \n\n<li><a href='?page_no=30473'>Last &rsaquo;&rsaquo;<\/a><\/li>\n\n<\/ul>\n\n\n--><br \/>\n<\/body><\/p>\n","protected":false},"excerpt":{"rendered":"<p>Santo Domingo, RD, 03 de diciembre.- La Asociaci\u00f3n Dominicana de Exportadores (ADOEXPO) entregar\u00e1 este mi\u00e9rcoles 4 de diciembre los XXVII Premios a la Excelencia Exportadora 2012, durante la celebraci\u00f3n de la Gran Cena de Exportador Dominicana, que se iniciar\u00e1 a partir de las 7 de la noche en el Sal\u00f3n La Fiesta del Hotel Jaragua. [&hellip;]<\/p>\n","protected":false},"author":3,"featured_media":0,"comment_status":"open","ping_status":"open","sticky":false,"template":"","format":"standard","meta":{"footnotes":""},"categories":[18],"tags":[],"class_list":["post-98646","post","type-post","status-publish","format-standard","hentry","category-economia"],"_links":{"self":[{"href":"https:\/\/diariodominicano.com\/index.php?rest_route=\/wp\/v2\/posts\/98646","targetHints":{"allow":["GET"]}}],"collection":[{"href":"https:\/\/diariodominicano.com\/index.php?rest_route=\/wp\/v2\/posts"}],"about":[{"href":"https:\/\/diariodominicano.com\/index.php?rest_route=\/wp\/v2\/types\/post"}],"author":[{"embeddable":true,"href":"https:\/\/diariodominicano.com\/index.php?rest_route=\/wp\/v2\/users\/3"}],"replies":[{"embeddable":true,"href":"https:\/\/diariodominicano.com\/index.php?rest_route=%2Fwp%2Fv2%2Fcomments&post=98646"}],"version-history":[{"count":0,"href":"https:\/\/diariodominicano.com\/index.php?rest_route=\/wp\/v2\/posts\/98646\/revisions"}],"wp:attachment":[{"href":"https:\/\/diariodominicano.com\/index.php?rest_route=%2Fwp%2Fv2%2Fmedia&parent=98646"}],"wp:term":[{"taxonomy":"category","embeddable":true,"href":"https:\/\/diariodominicano.com\/index.php?rest_route=%2Fwp%2Fv2%2Fcategories&post=98646"},{"taxonomy":"post_tag","embeddable":true,"href":"https:\/\/diariodominicano.com\/index.php?rest_route=%2Fwp%2Fv2%2Ftags&post=98646"}],"curies":[{"name":"wp","href":"https:\/\/api.w.org\/{rel}","templated":true}]}}