{"id":98645,"date":"2013-12-03T19:14:09","date_gmt":"2013-12-03T19:14:09","guid":{"rendered":"http:\/\/diariodominicano.ddns.net\/?p=98645"},"modified":"2013-12-03T19:14:09","modified_gmt":"2013-12-03T19:14:09","slug":"galan-lamenta-negligencia-gobierno-cobrar-us32-millones-a-empresas-textiles-y-calzados-deben-hace-6-anos","status":"publish","type":"post","link":"https:\/\/diariodominicano.com\/?p=98645","title":{"rendered":"&#13;&#13;Gal\u00e1n lamenta negligencia Gobierno cobrar US$32 millones a empresas textiles y calzados deben hace 6 a\u00f1os"},"content":{"rendered":"<p><body><\/p>\n<\/p>\n<\/p>\n<p>Santo Domingo, RD, 03 de diciembre.-El senador Tommy Gal\u00e1n lament\u00f3 que desde Gobierno se haya actuado con debilidad y hasta negligencia para cobrar 32 millones de d\u00f3lares que les fueron prestados, con su aval, a 32 empresas textiles y de calzados de las Zonas Francas hace cerca de seis a\u00f1os.<\/p>\n<\/p>\n<p>\u00abSi ciertamente no han pagado es porque el Gobierno no ha tenido la voluntad de cobrarle\u00bb, dijo el tambi\u00e9n presidente de la Comisi\u00f3n Permanente de Hacienda de la C\u00e1mara Alta.<\/p>\n<\/p>\n<p>Dijo que el Estado ha pagado los valores de esos pr\u00e9stamos cedidos a esas empresas de zonas francas.<\/p>\n<\/p>\n<p>\u00abEn este momento no se deber\u00eda hablar de acuerdos, deben haber acciones\u00bb, proclam\u00f3 Gal\u00e1n.<\/p>\n<\/p>\n<p>Deplor\u00f3 que los propios acuerdos a los que arribaron con los propietarios de zonas francas no se han cumplido.<\/p>\n<\/p>\n<p>Gal\u00e1n record\u00f3 que el pasado 17 de septiembre, Luisa Fern\u00e1ndez, la presidenta del Consejo Nacional de Zonas Francas, inform\u00f3 que el Gobierno buscar\u00eda la forma de cobrar 32 millones de d\u00f3lares que les fueron prestados, con su aval, a 32 empresas textiles y de calzados.<\/p>\n<\/p>\n<p>Explic\u00f3 esa funcionaria que desde el 2007 las citadas empresas no han hecho ning\u00fan pago de intereses ni de capital.<\/p>\n<\/p>\n<p>Dijo en ese entonces que \u00abno existe ninguna posibilidad de que un Estado pobre como nosotros regale a nadie un mill\u00f3n de d\u00f3lares\u00bb.<\/p>\n<\/p>\n<p>\u00abEl Estado no va a dejar que nadie se quede con ning\u00fan centavo, pero entiendan que son 588 empresas y que s\u00f3lo a 32 se les concedi\u00f3 ese pr\u00e9stamo. De esas 32, m\u00e1s de 50% tiene acuerdo de pago y est\u00e1n al d\u00eda\u00bb, expres\u00f3 Fern\u00e1ndez en esa ocasi\u00f3n.<\/p>\n<\/p>\n<p>Gal\u00e1n dijo que un buen regalo para el Estado ser\u00eda que esas empresas de zonas francas comenzar\u00e1n a ponerse al d\u00eda con el pago de esas deudas.<\/p>\n<\/p>\n<h6> 2013-12-03 19:14:09 <\/h6>\n<p><!--\n<link rel=\"stylesheet\" href=\"css\/bootstrap.min.css\">\n\n\n<ul class=\"pagination\">\n\t    \n\t\n\n<li >\n\t<a href='?page_no=14181'>Previous<\/a>\n\t<\/li>\n\n\n       \n    \n\n<li><a href='?page_no=1'>1<\/a><\/li>\n\n\n\n<li><a href='?page_no=2'>2<\/a><\/li>\n\n\n\n<li><a>...<\/a><\/li>\n\n\n\n<li><a href='?page_no=14180'>14180<\/a><\/li>\n\n\n\n<li><a href='?page_no=14181'>14181<\/a><\/li>\n\n\n\n<li class='active'><a>14182<\/a><\/li>\n\n\n\n<li><a href='?page_no=14183'>14183<\/a><\/li>\n\n\n\n<li><a href='?page_no=14184'>14184<\/a><\/li>\n\n\n\n<li><a>...<\/a><\/li>\n\n\n\n<li><a href='?page_no=30472'>30472<\/a><\/li>\n\n\n\n<li><a href='?page_no=30473'>30473<\/a><\/li>\n\n    \n\t\n\n<li >\n\t<a href='?page_no=14183'>Next<\/a>\n\t<\/li>\n\n\n    \n\n<li><a href='?page_no=30473'>Last &rsaquo;&rsaquo;<\/a><\/li>\n\n<\/ul>\n\n\n--><br \/>\n<\/body><\/p>\n","protected":false},"excerpt":{"rendered":"<p>Santo Domingo, RD, 03 de diciembre.-El senador Tommy Gal\u00e1n lament\u00f3 que desde Gobierno se haya actuado con debilidad y hasta negligencia para cobrar 32 millones de d\u00f3lares que les fueron prestados, con su aval, a 32 empresas textiles y de calzados de las Zonas Francas hace cerca de seis a\u00f1os. \u00abSi ciertamente no han pagado [&hellip;]<\/p>\n","protected":false},"author":3,"featured_media":0,"comment_status":"open","ping_status":"open","sticky":false,"template":"","format":"standard","meta":{"footnotes":""},"categories":[18],"tags":[],"class_list":["post-98645","post","type-post","status-publish","format-standard","hentry","category-economia"],"_links":{"self":[{"href":"https:\/\/diariodominicano.com\/index.php?rest_route=\/wp\/v2\/posts\/98645","targetHints":{"allow":["GET"]}}],"collection":[{"href":"https:\/\/diariodominicano.com\/index.php?rest_route=\/wp\/v2\/posts"}],"about":[{"href":"https:\/\/diariodominicano.com\/index.php?rest_route=\/wp\/v2\/types\/post"}],"author":[{"embeddable":true,"href":"https:\/\/diariodominicano.com\/index.php?rest_route=\/wp\/v2\/users\/3"}],"replies":[{"embeddable":true,"href":"https:\/\/diariodominicano.com\/index.php?rest_route=%2Fwp%2Fv2%2Fcomments&post=98645"}],"version-history":[{"count":0,"href":"https:\/\/diariodominicano.com\/index.php?rest_route=\/wp\/v2\/posts\/98645\/revisions"}],"wp:attachment":[{"href":"https:\/\/diariodominicano.com\/index.php?rest_route=%2Fwp%2Fv2%2Fmedia&parent=98645"}],"wp:term":[{"taxonomy":"category","embeddable":true,"href":"https:\/\/diariodominicano.com\/index.php?rest_route=%2Fwp%2Fv2%2Fcategories&post=98645"},{"taxonomy":"post_tag","embeddable":true,"href":"https:\/\/diariodominicano.com\/index.php?rest_route=%2Fwp%2Fv2%2Ftags&post=98645"}],"curies":[{"name":"wp","href":"https:\/\/api.w.org\/{rel}","templated":true}]}}