{"id":98644,"date":"2013-12-03T19:42:49","date_gmt":"2013-12-03T19:42:49","guid":{"rendered":"http:\/\/diariodominicano.ddns.net\/?p=98644"},"modified":"2013-12-03T19:42:49","modified_gmt":"2013-12-03T19:42:49","slug":"navieros-valoran-decision-de-aduanas-sumarse-a-accion-de-inconstitucionalidad-contra-rayos-x","status":"publish","type":"post","link":"https:\/\/diariodominicano.com\/?p=98644","title":{"rendered":"Navieros valoran decisi\u00f3n de Aduanas  sumarse a acci\u00f3n de inconstitucionalidad contra rayos X"},"content":{"rendered":"<p><body><\/p>\n<p><span class=\"text1noticias\">Santo Domingo, RD, 3 de Diciembre.-La Asociaci\u00f3n de Navieros de la Rep\u00fablica Dominicana (ANRD), ponder\u00f3 favorablemente el anuncio formulado por el director general de Aduanas, ingeniero Juan Fernando Fern\u00e1ndez, respecto a que la DGA se prepara para sumarse a la acci\u00f3n de inconstitucionalidad encaminada por diversos sectores en contra del contrato de rayos X, bajo la consideraci\u00f3n de que \u00abes es el paso l\u00f3gico que debemos seguir ahora\u00bb.<\/span><\/p>\n<\/p>\n<p><span class=\"text1noticias\">Al considerar la determinaci\u00f3n saludable para el fortalecimiento institucional del pa\u00eds, la  entidad argument\u00f3 que la aplicaci\u00f3n del contrato de instalaci\u00f3n de la maquinas de rayos X en los puertos de la Rep\u00fablica Dominicana que fuera firmado en fecha 18 de Julio del a\u00f1o 2002 con la empresa International Container Security System Inc.(ICSSI), ser\u00eda una franca violaci\u00f3n a la normativa internacional en materia de legislaci\u00f3n aduanera, adem\u00e1s de que nada aportar\u00eda a la gesti\u00f3n portuaria y comercial del pa\u00eds. <\/span><\/p>\n<\/p>\n<p><span class=\"text1noticias\">La noticia fue planteada por el director general de la DGA el martes pasado pr\u00f3ximo 26 de noviembre, con motivo de participar en condici\u00f3n de orador invitado en un encuentro almuerzo organizado por la Asociaci\u00f3n de Navieros de la Rep\u00fablica Dominicana.<\/span><\/p>\n<\/p>\n<p><span class=\"text1noticias\">De acuerdo a la ANRD realmente es a la Direcci\u00f3n General de Aduanas (DGA) que corresponde conservar el control de la inspecci\u00f3n de la carga conjuntamente con la DNCD y dem\u00e1s agencias gubernamentales bajo un esquema de Gesti\u00f3n de An\u00e1lisis de Riesgo, como contempla el marco normativo de la OMA incluido en el Convenio de Kyoto Revisado y promulgado por el Congreso Nacional.<\/span><\/p>\n<\/p>\n<p><span class=\"text1noticias\">\u00abDe manera pues que en el sector mar\u00edtimo y portuario valoramos favorablemente esta iniciativa en la conciencia de que la anulaci\u00f3n de este contrato ser\u00eda lo m\u00e1s objetivo y sensato\u00bb, resalt\u00f3 la entidad.(HG)<\/span>.<\/p>\n<h6> 2013-12-03 19:42:49 <\/h6>\n<p><!--\n<link rel=\"stylesheet\" href=\"css\/bootstrap.min.css\">\n\n\n<ul class=\"pagination\">\n\t    \n\t\n\n<li >\n\t<a href='?page_no=14180'>Previous<\/a>\n\t<\/li>\n\n\n       \n    \n\n<li><a href='?page_no=1'>1<\/a><\/li>\n\n\n\n<li><a href='?page_no=2'>2<\/a><\/li>\n\n\n\n<li><a>...<\/a><\/li>\n\n\n\n<li><a href='?page_no=14179'>14179<\/a><\/li>\n\n\n\n<li><a href='?page_no=14180'>14180<\/a><\/li>\n\n\n\n<li class='active'><a>14181<\/a><\/li>\n\n\n\n<li><a href='?page_no=14182'>14182<\/a><\/li>\n\n\n\n<li><a href='?page_no=14183'>14183<\/a><\/li>\n\n\n\n<li><a>...<\/a><\/li>\n\n\n\n<li><a href='?page_no=30472'>30472<\/a><\/li>\n\n\n\n<li><a href='?page_no=30473'>30473<\/a><\/li>\n\n    \n\t\n\n<li >\n\t<a href='?page_no=14182'>Next<\/a>\n\t<\/li>\n\n\n    \n\n<li><a href='?page_no=30473'>Last &rsaquo;&rsaquo;<\/a><\/li>\n\n<\/ul>\n\n\n--><br \/>\n<\/body><\/p>\n","protected":false},"excerpt":{"rendered":"<p>Santo Domingo, RD, 3 de Diciembre.-La Asociaci\u00f3n de Navieros de la Rep\u00fablica Dominicana (ANRD), ponder\u00f3 favorablemente el anuncio formulado por el director general de Aduanas, ingeniero Juan Fernando Fern\u00e1ndez, respecto a que la DGA se prepara para sumarse a la acci\u00f3n de inconstitucionalidad encaminada por diversos sectores en contra del contrato de rayos X, bajo [&hellip;]<\/p>\n","protected":false},"author":3,"featured_media":0,"comment_status":"open","ping_status":"open","sticky":false,"template":"","format":"standard","meta":{"footnotes":""},"categories":[18],"tags":[],"class_list":["post-98644","post","type-post","status-publish","format-standard","hentry","category-economia"],"_links":{"self":[{"href":"https:\/\/diariodominicano.com\/index.php?rest_route=\/wp\/v2\/posts\/98644","targetHints":{"allow":["GET"]}}],"collection":[{"href":"https:\/\/diariodominicano.com\/index.php?rest_route=\/wp\/v2\/posts"}],"about":[{"href":"https:\/\/diariodominicano.com\/index.php?rest_route=\/wp\/v2\/types\/post"}],"author":[{"embeddable":true,"href":"https:\/\/diariodominicano.com\/index.php?rest_route=\/wp\/v2\/users\/3"}],"replies":[{"embeddable":true,"href":"https:\/\/diariodominicano.com\/index.php?rest_route=%2Fwp%2Fv2%2Fcomments&post=98644"}],"version-history":[{"count":0,"href":"https:\/\/diariodominicano.com\/index.php?rest_route=\/wp\/v2\/posts\/98644\/revisions"}],"wp:attachment":[{"href":"https:\/\/diariodominicano.com\/index.php?rest_route=%2Fwp%2Fv2%2Fmedia&parent=98644"}],"wp:term":[{"taxonomy":"category","embeddable":true,"href":"https:\/\/diariodominicano.com\/index.php?rest_route=%2Fwp%2Fv2%2Fcategories&post=98644"},{"taxonomy":"post_tag","embeddable":true,"href":"https:\/\/diariodominicano.com\/index.php?rest_route=%2Fwp%2Fv2%2Ftags&post=98644"}],"curies":[{"name":"wp","href":"https:\/\/api.w.org\/{rel}","templated":true}]}}