{"id":98641,"date":"2013-12-03T21:11:22","date_gmt":"2013-12-03T21:11:22","guid":{"rendered":"http:\/\/diariodominicano.ddns.net\/?p=98641"},"modified":"2013-12-03T21:11:22","modified_gmt":"2013-12-03T21:11:22","slug":"proponen-incluir-en-el-codigo-laboral-salario-de-100-al-trabajador-que-sufra-una-incapacidad","status":"publish","type":"post","link":"https:\/\/diariodominicano.com\/?p=98641","title":{"rendered":"Proponen incluir en el c\u00f3digo laboral salario de  100 % al trabajador que sufra una incapacidad"},"content":{"rendered":"<p><body><\/p>\n<p><span class=\"text1noticias\">Santo Domingo, RD, 3 de Diciembre.-El Centro Dominicano de Fortalecimiento y Estudio de la Seguridad Social (CDFESS), propuso que en la modificaciones al c\u00f3digo laboral el congreso apruebe que cuando un trabajador sufra una incapacidad, bien sea por enfermedad com\u00fan o riesgo del trabajo, la seguridad social le contin\u00fae cubriendo el 60% del salario y su empleador el restante 40%, de modo que los ingresos de la familia no sean disminuidos en el momento en que m\u00e1s recursos requieren para hacerle frente a la condici\u00f3n de salud del cabeza de familia y a las necesidades b\u00e1sicas del hogar. <\/span><\/p>\n<\/p>\n<p><span class=\"text1noticias\">El presidente de la entidad, Jos\u00e9 Miguel Fern\u00e1ndez, recomend\u00f3 garantizarle ingresos dignos a los trabajadores, y eliminar las trabas para la negociaci\u00f3n colectiva y la libertad sindical, manifest\u00f3 que el \u00fanico requisito para una negociaci\u00f3n colectiva debe ser que en la empresa exista el sindicato, sin limitarlo a que un determinado porciento de trabajadores est\u00e9n organizados en \u00e9l para celebrar convenios y pactos colectivos,  toda vez que esa disposici\u00f3n va en contra del logro de beneficio para los trabajadores sindicalizados. Es de todo conocido que la mayor\u00eda de los trabajadores que no se afilian al sindicato de la empresa lo hacen por coacci\u00f3n directa o indirecta de su empleador. Afirm\u00f3 Fern\u00e1ndez.<\/span><\/p>\n<\/p>\n<p><span class=\"text1noticias\">De igual manera propuso disponer que las empresas  al contratar el trabajador le entregue una cartilla con sus derechos y deberes, haciendo \u00e9nfasis en el derecho a la libre elecci\u00f3n de la ARS y AFP que prefiera el trabajador, de modo que los nuevos trabajadores sean afiliados con su consentimiento. <\/span><\/p>\n<\/p>\n<p><span class=\"text1noticias\">Agreg\u00f3 que las demandas por violaciones a la ley de seguridad social deben ser conocidas por los tribunales de trabajo y las penalidades aumentadas sustancialmente, a fin de que los empleadores evasores descontin\u00faen la pr\u00e1ctica de descontar las cotizaciones a los trabajadores y no pagarla a la seguridad social, caus\u00e1ndole da\u00f1os y perjuicios econ\u00f3micos y emocionales al trabajador afectado y a su familia. Indic\u00f3 que la evasi\u00f3n representa una grave amenaza para la sostenibilidad del Sistema Dominicano de Seguridad Social. <\/span><\/p>\n<\/p>\n<p><span class=\"text1noticias\">Por otro lado, al conmemorarse el 1ro diciembre el 25 aniversario del d\u00eda mundial de la lucha contra el SIDA, Fern\u00e1ndez consider\u00f3 pertinente que todas las empresas, privadas y p\u00fablicas implementen pol\u00edticas sobre VIH\/SIDA en sus planes operativos de cada a\u00f1o, para prevenir el VIH y orientar sobre el SIDA en el lugar de trabajo, capacitando por lo menos dos trabajadores, a fin de que sirvan de multiplicadores para prevenir y educar sobre las consecuencias de esa pandemia.(HG).<\/span><\/p>\n<\/p>\n<h6> 2013-12-03 21:11:22 <\/h6>\n<p><!--\n<link rel=\"stylesheet\" href=\"css\/bootstrap.min.css\">\n\n\n<ul class=\"pagination\">\n\t    \n\t\n\n<li >\n\t<a href='?page_no=14178'>Previous<\/a>\n\t<\/li>\n\n\n       \n    \n\n<li><a href='?page_no=1'>1<\/a><\/li>\n\n\n\n<li><a href='?page_no=2'>2<\/a><\/li>\n\n\n\n<li><a>...<\/a><\/li>\n\n\n\n<li><a href='?page_no=14177'>14177<\/a><\/li>\n\n\n\n<li><a href='?page_no=14178'>14178<\/a><\/li>\n\n\n\n<li class='active'><a>14179<\/a><\/li>\n\n\n\n<li><a href='?page_no=14180'>14180<\/a><\/li>\n\n\n\n<li><a href='?page_no=14181'>14181<\/a><\/li>\n\n\n\n<li><a>...<\/a><\/li>\n\n\n\n<li><a href='?page_no=30472'>30472<\/a><\/li>\n\n\n\n<li><a href='?page_no=30473'>30473<\/a><\/li>\n\n    \n\t\n\n<li >\n\t<a href='?page_no=14180'>Next<\/a>\n\t<\/li>\n\n\n    \n\n<li><a href='?page_no=30473'>Last &rsaquo;&rsaquo;<\/a><\/li>\n\n<\/ul>\n\n\n--><br \/>\n<\/body><\/p>\n","protected":false},"excerpt":{"rendered":"<p>Santo Domingo, RD, 3 de Diciembre.-El Centro Dominicano de Fortalecimiento y Estudio de la Seguridad Social (CDFESS), propuso que en la modificaciones al c\u00f3digo laboral el congreso apruebe que cuando un trabajador sufra una incapacidad, bien sea por enfermedad com\u00fan o riesgo del trabajo, la seguridad social le contin\u00fae cubriendo el 60% del salario y [&hellip;]<\/p>\n","protected":false},"author":3,"featured_media":0,"comment_status":"open","ping_status":"open","sticky":false,"template":"","format":"standard","meta":{"footnotes":""},"categories":[18],"tags":[],"class_list":["post-98641","post","type-post","status-publish","format-standard","hentry","category-economia"],"_links":{"self":[{"href":"https:\/\/diariodominicano.com\/index.php?rest_route=\/wp\/v2\/posts\/98641","targetHints":{"allow":["GET"]}}],"collection":[{"href":"https:\/\/diariodominicano.com\/index.php?rest_route=\/wp\/v2\/posts"}],"about":[{"href":"https:\/\/diariodominicano.com\/index.php?rest_route=\/wp\/v2\/types\/post"}],"author":[{"embeddable":true,"href":"https:\/\/diariodominicano.com\/index.php?rest_route=\/wp\/v2\/users\/3"}],"replies":[{"embeddable":true,"href":"https:\/\/diariodominicano.com\/index.php?rest_route=%2Fwp%2Fv2%2Fcomments&post=98641"}],"version-history":[{"count":0,"href":"https:\/\/diariodominicano.com\/index.php?rest_route=\/wp\/v2\/posts\/98641\/revisions"}],"wp:attachment":[{"href":"https:\/\/diariodominicano.com\/index.php?rest_route=%2Fwp%2Fv2%2Fmedia&parent=98641"}],"wp:term":[{"taxonomy":"category","embeddable":true,"href":"https:\/\/diariodominicano.com\/index.php?rest_route=%2Fwp%2Fv2%2Fcategories&post=98641"},{"taxonomy":"post_tag","embeddable":true,"href":"https:\/\/diariodominicano.com\/index.php?rest_route=%2Fwp%2Fv2%2Ftags&post=98641"}],"curies":[{"name":"wp","href":"https:\/\/api.w.org\/{rel}","templated":true}]}}