{"id":98640,"date":"2013-12-04T13:04:32","date_gmt":"2013-12-04T13:04:32","guid":{"rendered":"http:\/\/diariodominicano.ddns.net\/?p=98640"},"modified":"2013-12-04T13:04:32","modified_gmt":"2013-12-04T13:04:32","slug":"gobierno-hara-entrega-de-la-regalia-pascual-a-partir-de-hoy","status":"publish","type":"post","link":"https:\/\/diariodominicano.com\/?p=98640","title":{"rendered":"Gobierno har\u00e1 entrega de la regal\u00eda pascual a partir de hoy"},"content":{"rendered":"<p><body><\/p>\n<p><img decoding=\"async\" src=\"img3\/regalia 4.jpg\" \/>  <\/p>\n<p>Santo Domingo RD 4 diciembre.- El titular de la Tesorer\u00eda Nacional, Alberto Perdomo Pi\u00f1a, anunci\u00f3 ayer que ese organismo est\u00e1 listo para iniciar a partir de \u00e9ste jueves 5 , el pago del doble sueldo navide\u00f1o  a unos 600,000 empleados p\u00fablicos,  \u00abcumpliendo de esta manera con la disposici\u00f3n del   Presidente de la Rep\u00fablica Danilo Medina S\u00e1nchez\u00bb.<\/p>\n<\/p>\n<p>Revel\u00f3 que por concepto del doble sueldo, instituido mediante ley,  elgobierno erogar\u00e1 la suma de RD9, 500 millones de pesos.<\/p>\n<\/p>\n<p>Se\u00f1al\u00f3 que los  primeros en recibir el suelo n\u00famero 13 ser\u00e1n los pensionados civiles y militares, para lo cual dijo que  empleados de esa instituci\u00f3n trabajan a toda capacidad para que todos  los servidores   p\u00fablicos reciban su pago en el tiempo establecido.<\/p>\n<\/p>\n<p>La entrega del salario n\u00famero 13 es esperada por todos los empleados para hacer sus compras navide\u00f1as y honrar algunos compromisos contra\u00eddos durante el a\u00f1o.<\/p>\n<\/p>\n<p> Tan pronto se realiza el pago se  observa el movimiento del circulante, incidiendo positivamente en la dinamizaci\u00f3n  comercial.<\/p>\n<p><strong> <\/strong><\/p>\n<p><strong>DISPONEN AUMENTO DE RD$15,000 PARA MAESTROS PENSIONADOS<\/strong><\/p>\n<\/p>\n<p>El presidente Danilo Medina dispuso este martes mediante el decreto 329-13 aumentar a RD$ 15 mil pesos mensuales la pensi\u00f3n m\u00ednima de los maestros y jubilados que devengan sueldo por debajo de ese monto.<\/p>\n<\/p>\n<p>En un acto celebrado en el Palacio Nacional, y que congreg\u00f3 a m\u00e1s de 700 profesores jubilados, el mandatario anunci\u00f3 la medida que beneficiar\u00e1 a 8, 959 docentes retirados. Tras el anuncio, en el Sal\u00f3n Las Cari\u00e1tides de la casa de Gobierno se sinti\u00f3 un fuerte y prolongado aplauso de los maestros y maestras pensionadas y jubilados que all\u00ed acudieron.<\/p>\n<\/p>\n<p>En uno de los considerandos de la disposici\u00f3n presidencial se establece que \u00abque el Ministerio de Educaci\u00f3n, con la finalidad de contrarrestar los actuales indicadores del IPC, dispone en sus reservas presupuestarias para este a\u00f1o 2013 de RD$252,777,13808, y para el a\u00f10 2014 de RD$821, 525,701.10, para un total de RD$1, 074,302, 839.90, para incrementar a RD$15 mil mensuales las pensiones m\u00ednimas, a fin de elevar la calidad de vida de todos los miembros del personal docente pensionado y jubilado\u00bb.<\/p>\n<\/p>\n<p>En la actividad tambi\u00e9n se dio cita el ministro de Educaci\u00f3n, Carlos Amarante Baret, quien manifest\u00f3 que con esta implementaci\u00f3n: \u00abHoy, el presidente de la Rep\u00fablica ha decidido ponerle fin a esa agon\u00eda que ustedes han venido sufriendo\u00bb.<\/p>\n<\/p>\n<p>\u00abEl Presidente valora en su justa dimensi\u00f3n los aportes que ustedes han hecho al pa\u00eds\u00bb, manifest\u00f3 el Titular de la Cartera.<\/p>\n<\/p>\n<p>Se anunci\u00f3 que el aumento de Pensi\u00f3n Digna se hace con retroactividad a partir de octubre de 2013.<\/p>\n<\/p>\n<p>A la convocatoria acudi\u00f3, adem\u00e1s, la directora del Instituto Nacional de Bienestar Magisterial (INABIMA), Maritza Rossi, quien reiter\u00f3 que en el pa\u00eds los docentes cuentan con un sistema de seguridad social integrado, el cual ha logrado grandes conquistas. En nombre de los maestros beneficiados con la medida gubernamental, habl\u00f3 Iluminada S\u00e1nchez, quien agradeci\u00f3 al presidente por dignificar a la clase magisterial.<\/p>\n<\/p>\n<p><strong>INSTITUCIONES GUBERNAMENTALES EMPIEZAN A ENTREGAR EL DOBLE SUELDO<\/strong><\/p>\n<\/p>\n<p>Algunas instituciones gubernamentales han empezado la entrega de la regal\u00eda pascual a favor de los servidores p\u00fablicos y pensionados del Estado. Tal es el caso del Centro de Desarrollo y Competitividad Industrial (Proindustria), quien lo hizo efectivo hoy, seg\u00fan anunci\u00f3 su directora general, Alexandra Izquierdo.<\/p>\n<\/p>\n<p>Izquierdo se\u00f1al\u00f3 en una nota que la entrega de los recursos en la primera semana de diciembre \u00abse debe al buen manejo econ\u00f3mico y la transparencia con que se manejan los fondos de la instituci\u00f3n\u00bb.<\/p>\n<\/p>\n<p>El presidente de la Rep\u00fablica, Danilo Medina, orden\u00f3 el pasado 11 de noviembre, durante una reuni\u00f3n en el Ministerio de Hacienda, que el pago de la regal\u00eda pascual se hiciera a partir del pr\u00f3ximo 6 de diciembre por un valor aproximado de 9.000 millones de pesos.<\/p>\n<\/p>\n<p>La medida beneficiar\u00e1 a unos 600.000 empleados del Estado.<\/p>\n<\/p>\n<h6> 2013-12-04 13:04:32 <\/h6>\n<p><!--\n<link rel=\"stylesheet\" href=\"css\/bootstrap.min.css\">\n\n\n<ul class=\"pagination\">\n\t    \n\t\n\n<li >\n\t<a href='?page_no=14177'>Previous<\/a>\n\t<\/li>\n\n\n       \n    \n\n<li><a href='?page_no=1'>1<\/a><\/li>\n\n\n\n<li><a href='?page_no=2'>2<\/a><\/li>\n\n\n\n<li><a>...<\/a><\/li>\n\n\n\n<li><a href='?page_no=14176'>14176<\/a><\/li>\n\n\n\n<li><a href='?page_no=14177'>14177<\/a><\/li>\n\n\n\n<li class='active'><a>14178<\/a><\/li>\n\n\n\n<li><a href='?page_no=14179'>14179<\/a><\/li>\n\n\n\n<li><a href='?page_no=14180'>14180<\/a><\/li>\n\n\n\n<li><a>...<\/a><\/li>\n\n\n\n<li><a href='?page_no=30472'>30472<\/a><\/li>\n\n\n\n<li><a href='?page_no=30473'>30473<\/a><\/li>\n\n    \n\t\n\n<li >\n\t<a href='?page_no=14179'>Next<\/a>\n\t<\/li>\n\n\n    \n\n<li><a href='?page_no=30473'>Last &rsaquo;&rsaquo;<\/a><\/li>\n\n<\/ul>\n\n\n--><br \/>\n<\/body><\/p>\n","protected":false},"excerpt":{"rendered":"<p>Santo Domingo RD 4 diciembre.- El titular de la Tesorer\u00eda Nacional, Alberto Perdomo Pi\u00f1a, anunci\u00f3 ayer que ese organismo est\u00e1 listo para iniciar a partir de \u00e9ste jueves 5 , el pago del doble sueldo navide\u00f1o a unos 600,000 empleados p\u00fablicos, \u00abcumpliendo de esta manera con la disposici\u00f3n del Presidente de la Rep\u00fablica Danilo Medina [&hellip;]<\/p>\n","protected":false},"author":3,"featured_media":0,"comment_status":"open","ping_status":"open","sticky":false,"template":"","format":"standard","meta":{"footnotes":""},"categories":[18],"tags":[],"class_list":["post-98640","post","type-post","status-publish","format-standard","hentry","category-economia"],"_links":{"self":[{"href":"https:\/\/diariodominicano.com\/index.php?rest_route=\/wp\/v2\/posts\/98640","targetHints":{"allow":["GET"]}}],"collection":[{"href":"https:\/\/diariodominicano.com\/index.php?rest_route=\/wp\/v2\/posts"}],"about":[{"href":"https:\/\/diariodominicano.com\/index.php?rest_route=\/wp\/v2\/types\/post"}],"author":[{"embeddable":true,"href":"https:\/\/diariodominicano.com\/index.php?rest_route=\/wp\/v2\/users\/3"}],"replies":[{"embeddable":true,"href":"https:\/\/diariodominicano.com\/index.php?rest_route=%2Fwp%2Fv2%2Fcomments&post=98640"}],"version-history":[{"count":0,"href":"https:\/\/diariodominicano.com\/index.php?rest_route=\/wp\/v2\/posts\/98640\/revisions"}],"wp:attachment":[{"href":"https:\/\/diariodominicano.com\/index.php?rest_route=%2Fwp%2Fv2%2Fmedia&parent=98640"}],"wp:term":[{"taxonomy":"category","embeddable":true,"href":"https:\/\/diariodominicano.com\/index.php?rest_route=%2Fwp%2Fv2%2Fcategories&post=98640"},{"taxonomy":"post_tag","embeddable":true,"href":"https:\/\/diariodominicano.com\/index.php?rest_route=%2Fwp%2Fv2%2Ftags&post=98640"}],"curies":[{"name":"wp","href":"https:\/\/api.w.org\/{rel}","templated":true}]}}