{"id":98639,"date":"2013-12-04T14:15:16","date_gmt":"2013-12-04T14:15:16","guid":{"rendered":"http:\/\/diariodominicano.ddns.net\/?p=98639"},"modified":"2013-12-04T14:15:16","modified_gmt":"2013-12-04T14:15:16","slug":"adn-no-acepta-despojo-mercados-la-capital","status":"publish","type":"post","link":"https:\/\/diariodominicano.com\/?p=98639","title":{"rendered":"ADN no acepta despojo mercados la capital"},"content":{"rendered":"<p><body><\/p>\n<p><img decoding=\"async\" src=\"img3\/alvarez 4.jpg\" \/>  <\/p>\n<p>Santo Domingo RD 4 diciembre.- El Ayuntamiento del Distrito Nacional (ADN) defini\u00f3 como un atentado, inaceptable e ilegal, el despojo al cabildo de los mercados de la capital dominicana, como establece la Ley 108-13, de reciente promulgaci\u00f3n, que traspasa su gesti\u00f3n a Mercados Dominicanos de Abasto Agropecuario (Mercadom), por lo que podr\u00eda someter un recurso de amparo por ante el Tribunal Constitucional (TC).<\/p>\n<\/p>\n<p>El arquitecto Andr\u00e9s Navarro, secretario general del ADN, considera sospechoso que la ley mencionada fuera aprobada y promulgada al vapor, desconociendo los acuerdos a que hab\u00edan arribado durante varias reuniones previas.<\/p>\n<\/p>\n<p>Recuerda que la Ley 176-07 del Distrito Nacional y los ayuntamientos lo faculta para construir y gestionar los mercados en sus demarcaciones, aparte de que el ADN cuenta con derechos de propiedad de los establecimientos hist\u00f3ricos de la ciudad. Se\u00f1al\u00f3 que en reuniones con Agricultura, el ADN se mostr\u00f3 partidario con el proyecto de ley de Mercadom, si este no era afectado con mercados.<\/p>\n<\/p>\n<h6> 2013-12-04 14:15:16 <\/h6>\n<p><!--\n<link rel=\"stylesheet\" href=\"css\/bootstrap.min.css\">\n\n\n<ul class=\"pagination\">\n\t    \n\t\n\n<li >\n\t<a href='?page_no=14176'>Previous<\/a>\n\t<\/li>\n\n\n       \n    \n\n<li><a href='?page_no=1'>1<\/a><\/li>\n\n\n\n<li><a href='?page_no=2'>2<\/a><\/li>\n\n\n\n<li><a>...<\/a><\/li>\n\n\n\n<li><a href='?page_no=14175'>14175<\/a><\/li>\n\n\n\n<li><a href='?page_no=14176'>14176<\/a><\/li>\n\n\n\n<li class='active'><a>14177<\/a><\/li>\n\n\n\n<li><a href='?page_no=14178'>14178<\/a><\/li>\n\n\n\n<li><a href='?page_no=14179'>14179<\/a><\/li>\n\n\n\n<li><a>...<\/a><\/li>\n\n\n\n<li><a href='?page_no=30472'>30472<\/a><\/li>\n\n\n\n<li><a href='?page_no=30473'>30473<\/a><\/li>\n\n    \n\t\n\n<li >\n\t<a href='?page_no=14178'>Next<\/a>\n\t<\/li>\n\n\n    \n\n<li><a href='?page_no=30473'>Last &rsaquo;&rsaquo;<\/a><\/li>\n\n<\/ul>\n\n\n--><br \/>\n<\/body><\/p>\n","protected":false},"excerpt":{"rendered":"<p>Santo Domingo RD 4 diciembre.- El Ayuntamiento del Distrito Nacional (ADN) defini\u00f3 como un atentado, inaceptable e ilegal, el despojo al cabildo de los mercados de la capital dominicana, como establece la Ley 108-13, de reciente promulgaci\u00f3n, que traspasa su gesti\u00f3n a Mercados Dominicanos de Abasto Agropecuario (Mercadom), por lo que podr\u00eda someter un recurso [&hellip;]<\/p>\n","protected":false},"author":3,"featured_media":0,"comment_status":"open","ping_status":"open","sticky":false,"template":"","format":"standard","meta":{"footnotes":""},"categories":[18],"tags":[],"class_list":["post-98639","post","type-post","status-publish","format-standard","hentry","category-economia"],"_links":{"self":[{"href":"https:\/\/diariodominicano.com\/index.php?rest_route=\/wp\/v2\/posts\/98639","targetHints":{"allow":["GET"]}}],"collection":[{"href":"https:\/\/diariodominicano.com\/index.php?rest_route=\/wp\/v2\/posts"}],"about":[{"href":"https:\/\/diariodominicano.com\/index.php?rest_route=\/wp\/v2\/types\/post"}],"author":[{"embeddable":true,"href":"https:\/\/diariodominicano.com\/index.php?rest_route=\/wp\/v2\/users\/3"}],"replies":[{"embeddable":true,"href":"https:\/\/diariodominicano.com\/index.php?rest_route=%2Fwp%2Fv2%2Fcomments&post=98639"}],"version-history":[{"count":0,"href":"https:\/\/diariodominicano.com\/index.php?rest_route=\/wp\/v2\/posts\/98639\/revisions"}],"wp:attachment":[{"href":"https:\/\/diariodominicano.com\/index.php?rest_route=%2Fwp%2Fv2%2Fmedia&parent=98639"}],"wp:term":[{"taxonomy":"category","embeddable":true,"href":"https:\/\/diariodominicano.com\/index.php?rest_route=%2Fwp%2Fv2%2Fcategories&post=98639"},{"taxonomy":"post_tag","embeddable":true,"href":"https:\/\/diariodominicano.com\/index.php?rest_route=%2Fwp%2Fv2%2Ftags&post=98639"}],"curies":[{"name":"wp","href":"https:\/\/api.w.org\/{rel}","templated":true}]}}