{"id":98637,"date":"2013-12-04T18:25:18","date_gmt":"2013-12-04T18:25:18","guid":{"rendered":"http:\/\/diariodominicano.ddns.net\/?p=98637"},"modified":"2013-12-04T18:25:18","modified_gmt":"2013-12-04T18:25:18","slug":"idecoop-dispone-reduccion-de-un-50-a-la-tasa-de-interes-de-prestamos-de-los-socios-coop-fenatrsal-idss","status":"publish","type":"post","link":"https:\/\/diariodominicano.com\/?p=98637","title":{"rendered":"IDECOOP dispone reducci\u00f3n de un 50 % a  la tasa de Inter\u00e9s de  pr\u00e9stamos de los socios  COOP-FENATRSAL-IDSS"},"content":{"rendered":"<p><body><\/p>\n<p><img decoding=\"async\" src=\"img3\/idecoop.jpg\" \/>  <\/p>\n<p><span class=\"text1noticias\">Santo Domingo, RD, 4 de Diciembre.-El Instituto de Desarrollo y Cr\u00e9dito Cooperativo (IDECOOP), dispuso la reducci\u00f3n de inmediato de la tasa de inter\u00e9s de un 4 a un 2 por ciento a los prestamos de los socios de la Cooperativa  de Servicios M\u00faltiples de la Federaci\u00f3n Nacional de Trabajadores y Pensionados de la Salud, INC, (COOP-FENATRASAL-IDSS).<\/span><\/p>\n<\/p>\n<p><span class=\"text1noticias\">La disposici\u00f3n de reducci\u00f3n de los intereses fue anunciada por el presidente administrador de la entidad oficial, licenciado Pedro Corpor\u00e1n Cabrera, mediante la  intervenci\u00f3n a la citada cooperativa, tras detectar un conjunto  de irregularidades en violaci\u00f3n a la ley 127-64, medida que deber\u00e1 aplicarse de inmediato y de manera retroactiva a los prestamos vigentes.<\/span><\/p>\n<\/p>\n<p><span class=\"text1noticias\">Corpor\u00e1n hablando con los principales directivos  de la COOP-FENATRASAL-IDSS, califico como de un crimen que la entidad de car\u00e1cter social y solidario realice prestaos a un cuatro por ciento a los socios, ya que es una suma muy alta, que no se corresponde con la cultura cooperativista.<\/span><\/p>\n<\/p>\n<p><span class=\"text1noticias\">El proceso se realiz\u00f3 rigurosamente apegado a las normas jur\u00eddicas de la Ley Especial 127 y su Reglamento de Aplicaci\u00f3n No.623-86 que regulariza el ejercicio del Cooperativismo Nacional, y en ejercicio de la competencia concedida por la Ley Especial 31-63 que crea al Idecoop y por Resoluci\u00f3n de la Comisi\u00f3n T\u00e9cnica Central y la Presidencia Administrativa.<\/span><\/p>\n<\/p>\n<p><span class=\"text1noticias\">La COOP-FENATRASAL-IDSS estaba sometida desde el pasado 25 de junio a un Fideicomiso, cuyo proceso se elevo al grado de Intervenci\u00f3n.   Es por ello que el IDECOOP  declar\u00f3 la suspensi\u00f3n total de los fueros jur\u00eddicos de la entidad cooperativa y de  todos sus \u00f3rganos de direcci\u00f3n, como efecto jur\u00eddico l\u00f3gico de la intervenci\u00f3n, el   embargo de las cuentas bancarias, a nivel nacional, adem\u00e1s de asumir  la posesi\u00f3n y administraci\u00f3n total y absoluta del patrimonio con todas las implicaciones que reglamenta la ley en la materia, el orden jur\u00eddico nacional.<\/span><\/p>\n<\/p>\n<p><span class=\"text1noticias\">El titular del Idecoop otorg\u00f3 un plazo de 24 horas para que todo el que  tenga en su poder alg\u00fan bien mueble, inmueble o de cualquier otra naturaleza de COOP-FENATRASAL-IDSS, incluyendo todo el archivo documental, proceda a su entrega inmediata al \u00f3rgano regulador.<\/span><\/p>\n<\/p>\n<p><span class=\"text1noticias\">As\u00ed mimo, design\u00f3 un cuerpo t\u00e9cnico, integrado por los licenciados V\u00edctor Suero Jim\u00e9nez y Jos\u00e9 del Carmen Fr\u00edas Nivar,  como Gerente Administrador y Auditor respectivamente, mientras permanezca  la intervenci\u00f3n, acorde con lo establecido en el Art\u00edculo 161 del Reglamento 623-86 de Aplicaci\u00f3n de la Ley 127-64.<\/span><\/p>\n<\/p>\n<p><span class=\"text1noticias\">El licenciado Pedro Corpor\u00e1n dijo que los intereses y derechos, de los socios, as\u00ed como los de la sociedad y el estado, estar\u00e1n garantizados con el proceso de intervenci\u00f3n y que la cooperativa continuara ofreciendo todos los servicios de forma eficiente y segura. <\/span><\/p>\n<\/p>\n<p><span class=\"text1noticias\">Corpor\u00e1n manifest\u00f3 que entre m\u00faltiples razones que avalan y justifican jur\u00eddicamente la intervenci\u00f3n del IDECOOP a COOP-FENATRASAL-IDSS, acorde con los preceptos de la Ley 127-64, se destacan, Crisis de gobernabilidad, violaci\u00f3n al Art\u00edculo  21 de la Ley 127-64 sobre la modalidad de cooperativas por distritos, violaci\u00f3n a los Art\u00edculos 14 y 15 del Reglamento de Aplicaci\u00f3n de la Ley 127-64.<\/span><\/p>\n<\/p>\n<p><span class=\"text1noticias\">Adem\u00e1s la  violaci\u00f3n al Art\u00edculo 2 de la Ley 127-64 sobre prohibici\u00f3n de concesi\u00f3n de privilegios a los fundadores y directivos de la cooperativa, violaci\u00f3n de resoluciones emanadas de la Asamblea General de Delegados por parte del Consejo de Administraci\u00f3n, entre otros.<\/span><\/p>\n<\/p>\n<p><span class=\"text1noticias\">El funcionario indico que la intervenci\u00f3n a una entidad cooperativa se realiza con el objetivo de salvaguardar y proteger  su patrimonio y de esa manera detener la continuaci\u00f3n de su deterioro y extinci\u00f3n por autodegradaci\u00f3n y las secuelas judiciales del estado de desorden administrativo, crisis socio institucional cr\u00f3nica, desprestigio p\u00fablico y transgresi\u00f3n grave de preceptos de ley, entre otras reivindicaciones.(HG)<\/span>.<\/p>\n<h6> 2013-12-04 18:25:18 <\/h6>\n<p><!--\n<link rel=\"stylesheet\" href=\"css\/bootstrap.min.css\">\n\n\n<ul class=\"pagination\">\n\t    \n\t\n\n<li >\n\t<a href='?page_no=14174'>Previous<\/a>\n\t<\/li>\n\n\n       \n    \n\n<li><a href='?page_no=1'>1<\/a><\/li>\n\n\n\n<li><a href='?page_no=2'>2<\/a><\/li>\n\n\n\n<li><a>...<\/a><\/li>\n\n\n\n<li><a href='?page_no=14173'>14173<\/a><\/li>\n\n\n\n<li><a href='?page_no=14174'>14174<\/a><\/li>\n\n\n\n<li class='active'><a>14175<\/a><\/li>\n\n\n\n<li><a href='?page_no=14176'>14176<\/a><\/li>\n\n\n\n<li><a href='?page_no=14177'>14177<\/a><\/li>\n\n\n\n<li><a>...<\/a><\/li>\n\n\n\n<li><a href='?page_no=30472'>30472<\/a><\/li>\n\n\n\n<li><a href='?page_no=30473'>30473<\/a><\/li>\n\n    \n\t\n\n<li >\n\t<a href='?page_no=14176'>Next<\/a>\n\t<\/li>\n\n\n    \n\n<li><a href='?page_no=30473'>Last &rsaquo;&rsaquo;<\/a><\/li>\n\n<\/ul>\n\n\n--><br \/>\n<\/body><\/p>\n","protected":false},"excerpt":{"rendered":"<p>Santo Domingo, RD, 4 de Diciembre.-El Instituto de Desarrollo y Cr\u00e9dito Cooperativo (IDECOOP), dispuso la reducci\u00f3n de inmediato de la tasa de inter\u00e9s de un 4 a un 2 por ciento a los prestamos de los socios de la Cooperativa de Servicios M\u00faltiples de la Federaci\u00f3n Nacional de Trabajadores y Pensionados de la Salud, INC, [&hellip;]<\/p>\n","protected":false},"author":3,"featured_media":0,"comment_status":"open","ping_status":"open","sticky":false,"template":"","format":"standard","meta":{"footnotes":""},"categories":[18],"tags":[],"class_list":["post-98637","post","type-post","status-publish","format-standard","hentry","category-economia"],"_links":{"self":[{"href":"https:\/\/diariodominicano.com\/index.php?rest_route=\/wp\/v2\/posts\/98637","targetHints":{"allow":["GET"]}}],"collection":[{"href":"https:\/\/diariodominicano.com\/index.php?rest_route=\/wp\/v2\/posts"}],"about":[{"href":"https:\/\/diariodominicano.com\/index.php?rest_route=\/wp\/v2\/types\/post"}],"author":[{"embeddable":true,"href":"https:\/\/diariodominicano.com\/index.php?rest_route=\/wp\/v2\/users\/3"}],"replies":[{"embeddable":true,"href":"https:\/\/diariodominicano.com\/index.php?rest_route=%2Fwp%2Fv2%2Fcomments&post=98637"}],"version-history":[{"count":0,"href":"https:\/\/diariodominicano.com\/index.php?rest_route=\/wp\/v2\/posts\/98637\/revisions"}],"wp:attachment":[{"href":"https:\/\/diariodominicano.com\/index.php?rest_route=%2Fwp%2Fv2%2Fmedia&parent=98637"}],"wp:term":[{"taxonomy":"category","embeddable":true,"href":"https:\/\/diariodominicano.com\/index.php?rest_route=%2Fwp%2Fv2%2Fcategories&post=98637"},{"taxonomy":"post_tag","embeddable":true,"href":"https:\/\/diariodominicano.com\/index.php?rest_route=%2Fwp%2Fv2%2Ftags&post=98637"}],"curies":[{"name":"wp","href":"https:\/\/api.w.org\/{rel}","templated":true}]}}