{"id":98636,"date":"2013-12-04T18:48:44","date_gmt":"2013-12-04T18:48:44","guid":{"rendered":"http:\/\/diariodominicano.ddns.net\/?p=98636"},"modified":"2013-12-04T18:48:44","modified_gmt":"2013-12-04T18:48:44","slug":"zonas-francas-tiene-deudas-desde-el-2007-por-us-32-millones-al-gobierno-segun-senador","status":"publish","type":"post","link":"https:\/\/diariodominicano.com\/?p=98636","title":{"rendered":"Zonas Francas  tiene deudas desde el 2007 por US$ 32 millones al Gobierno, seg\u00fan Senador"},"content":{"rendered":"<p><body><\/p>\n<p><img decoding=\"async\" src=\"img3\/Tommy.jpg\" \/>  <\/p>\n<p><span class=\"text1noticias\">Santo Domingo, RD, 4 de Diciembre.-El senador Tommy Gal\u00e1n declar\u00f3 este mi\u00e9rcoles que el sector de las zonas francas que tiene deudas desde el 2007 por 32 millones de d\u00f3lares al Gobierno, recibi\u00f3 otros dos mil 600 millones para pago de salarios en ese mismo per\u00edodo.<\/span><\/p>\n<p><span class=\"text1noticias\"> <\/span><\/p>\n<p><span class=\"text1noticias\">\u00abEl Gobierno entreg\u00f3 dos mil 600 millones de pesos esas empresas para pago de salarios cargados al presupuesto nacional por las dificultades econ\u00f3micas que enfrentaba en ese momento ese sector\u00bb, manifest\u00f3 Gal\u00e1n.<\/span><\/p>\n<p><span class=\"text1noticias\"> <\/span><\/p>\n<p><span class=\"text1noticias\">Gal\u00e1n, miembro de la Comisi\u00f3n Permanente de Hacienda del Senado reiter\u00f3 sus lamentaciones de que desde Gobierno se haya actuado con debilidad y negligencia para cobrar 32 millones de d\u00f3lares que les fueron prestados, con su aval, a 32 empresas textiles y de calzados de las Zonas Francas hace casi seis a\u00f1os.<\/span><\/p>\n<p><span class=\"text1noticias\"> <\/span><\/p>\n<p><span class=\"text1noticias\">Expres\u00f3 que ese pr\u00e9stamo fue concedido con tasas de intereses subsidiados.<\/span><\/p>\n<p><span class=\"text1noticias\"> <\/span><\/p>\n<p><span class=\"text1noticias\">\u00abSi ciertamente no han pagado es porque el Gobierno no ha tenido la voluntad de cobrarle\u00bb, se\u00f1al\u00f3 entrevistado en el programa Hoy Mismo, por Color Visi\u00f3n.<\/span><\/p>\n<p><span class=\"text1noticias\"> <\/span><\/p>\n<p><span class=\"text1noticias\">Dijo que el Estado ha pagado los valores de esos pr\u00e9stamos cedidos a esas empresas de zonas francas.<\/span><\/p>\n<p><span class=\"text1noticias\"> <\/span><\/p>\n<p><span class=\"text1noticias\">\u00abEn este momento no se deber\u00eda hablar de acuerdos, deben haber acciones\u00bb, proclam\u00f3 Gal\u00e1n.<\/span><\/p>\n<p><span class=\"text1noticias\"> <\/span><\/p>\n<p><span class=\"text1noticias\">Afirm\u00f3 que ninguna de esas empresas que tienen la deuda con el Estado, s\u00f3lo una que tom\u00f3 medio mill\u00f3n de d\u00f3lares ha venido cumpliendo.(HG)<\/span>.<\/p>\n<h6> 2013-12-04 18:48:44 <\/h6>\n<p><!--\n<link rel=\"stylesheet\" href=\"css\/bootstrap.min.css\">\n\n\n<ul class=\"pagination\">\n\t    \n\t\n\n<li >\n\t<a href='?page_no=14173'>Previous<\/a>\n\t<\/li>\n\n\n       \n    \n\n<li><a href='?page_no=1'>1<\/a><\/li>\n\n\n\n<li><a href='?page_no=2'>2<\/a><\/li>\n\n\n\n<li><a>...<\/a><\/li>\n\n\n\n<li><a href='?page_no=14172'>14172<\/a><\/li>\n\n\n\n<li><a href='?page_no=14173'>14173<\/a><\/li>\n\n\n\n<li class='active'><a>14174<\/a><\/li>\n\n\n\n<li><a href='?page_no=14175'>14175<\/a><\/li>\n\n\n\n<li><a href='?page_no=14176'>14176<\/a><\/li>\n\n\n\n<li><a>...<\/a><\/li>\n\n\n\n<li><a href='?page_no=30472'>30472<\/a><\/li>\n\n\n\n<li><a href='?page_no=30473'>30473<\/a><\/li>\n\n    \n\t\n\n<li >\n\t<a href='?page_no=14175'>Next<\/a>\n\t<\/li>\n\n\n    \n\n<li><a href='?page_no=30473'>Last &rsaquo;&rsaquo;<\/a><\/li>\n\n<\/ul>\n\n\n--><br \/>\n<\/body><\/p>\n","protected":false},"excerpt":{"rendered":"<p>Santo Domingo, RD, 4 de Diciembre.-El senador Tommy Gal\u00e1n declar\u00f3 este mi\u00e9rcoles que el sector de las zonas francas que tiene deudas desde el 2007 por 32 millones de d\u00f3lares al Gobierno, recibi\u00f3 otros dos mil 600 millones para pago de salarios en ese mismo per\u00edodo. \u00abEl Gobierno entreg\u00f3 dos mil 600 millones de pesos [&hellip;]<\/p>\n","protected":false},"author":3,"featured_media":0,"comment_status":"open","ping_status":"open","sticky":false,"template":"","format":"standard","meta":{"footnotes":""},"categories":[18],"tags":[],"class_list":["post-98636","post","type-post","status-publish","format-standard","hentry","category-economia"],"_links":{"self":[{"href":"https:\/\/diariodominicano.com\/index.php?rest_route=\/wp\/v2\/posts\/98636","targetHints":{"allow":["GET"]}}],"collection":[{"href":"https:\/\/diariodominicano.com\/index.php?rest_route=\/wp\/v2\/posts"}],"about":[{"href":"https:\/\/diariodominicano.com\/index.php?rest_route=\/wp\/v2\/types\/post"}],"author":[{"embeddable":true,"href":"https:\/\/diariodominicano.com\/index.php?rest_route=\/wp\/v2\/users\/3"}],"replies":[{"embeddable":true,"href":"https:\/\/diariodominicano.com\/index.php?rest_route=%2Fwp%2Fv2%2Fcomments&post=98636"}],"version-history":[{"count":0,"href":"https:\/\/diariodominicano.com\/index.php?rest_route=\/wp\/v2\/posts\/98636\/revisions"}],"wp:attachment":[{"href":"https:\/\/diariodominicano.com\/index.php?rest_route=%2Fwp%2Fv2%2Fmedia&parent=98636"}],"wp:term":[{"taxonomy":"category","embeddable":true,"href":"https:\/\/diariodominicano.com\/index.php?rest_route=%2Fwp%2Fv2%2Fcategories&post=98636"},{"taxonomy":"post_tag","embeddable":true,"href":"https:\/\/diariodominicano.com\/index.php?rest_route=%2Fwp%2Fv2%2Ftags&post=98636"}],"curies":[{"name":"wp","href":"https:\/\/api.w.org\/{rel}","templated":true}]}}