{"id":98635,"date":"2013-12-04T19:00:04","date_gmt":"2013-12-04T19:00:04","guid":{"rendered":"http:\/\/diariodominicano.ddns.net\/?p=98635"},"modified":"2013-12-04T19:00:04","modified_gmt":"2013-12-04T19:00:04","slug":"ng-cortinas-opuesto-al-cobro-del-1-0-y-transformacion-de-las-asociaciones","status":"publish","type":"post","link":"https:\/\/diariodominicano.com\/?p=98635","title":{"rendered":"NG Corti\u00f1as opuesto al cobro del 1.0% y transformaci\u00f3n de las asociaciones"},"content":{"rendered":"<p><body><\/p>\n<p><img decoding=\"async\" src=\"img3\/havanjoe.jpg\" \/>  <\/p>\n<p><span class=\"text1noticias\">Santo Domingo, RD, 4 de Diciembre.-El economista Haivanjoe NG Corti\u00f1as al referirse al anuncio por parte de los bancos, con aprobaci\u00f3n de la Superintendencia de Bancos, de cobrar el 1.0% de comisi\u00f3n por las compras internacionales que se hagan por medio a las tarjetas de cr\u00e9dito a partir del 1ero. de diciembre, lo consider\u00f3 apartado de las practicas locales.<\/span><\/p>\n<\/p>\n<p><span class=\"text1noticias\">Entiende el economista que lo que se debi\u00f3 hacer, en el caso de que los bancos necesiten hacer tesorer\u00eda de cara a la reducci\u00f3n de las tasas de inter\u00e9s para las tarjetas de cr\u00e9dito, anunciada recientemente, era permitirle cobrar un determinado porcentaje de las compras internacionales que cayeran en el rango del financiamiento, esto es, aquel monto no pagado por el tenedor de la tarjeta en el tiempo pactado contractualmente, y no sobre el total de la transacci\u00f3n.<\/span><\/p>\n<\/p>\n<p><span class=\"text1noticias\"> \u00abCobrar un porcentaje sobre el dinero que te facilita el banco en forma de financiamiento fuera del tiempo contractual es correcto; pero no sobre el total de la transacci\u00f3n, sino por el no pagado,  pues se aparta de la practica  local\u00bb.<\/span><\/p>\n<\/p>\n<p><span class=\"text1noticias\">NGCorti\u00f1as reconoci\u00f3 que el cobro de la nueva comisi\u00f3n, no es ilegal, porque no viola ninguna ley, pero  tampoco es un impuesto, pues para serlo, el Estado tendr\u00eda que recibir alg\u00fan ingreso por ese concepto, sin tener este necesariamente que prestar servicios p\u00fablicos por ese concepto; aunque si lo consider\u00f3 apartado de la practica local el cobro al total de las transacciones.<\/span><\/p>\n<\/p>\n<p><span class=\"text1noticias\">Por otro lado, el economista tambi\u00e9n se opuso a la transformaci\u00f3n de las asociaciones de ahorros y pr\u00e9stamos,  por ser estas de car\u00e1cter mutualista y al transformarse en compa\u00f1\u00edas por acciones estar\u00edan perdiendo totalmente su esencia.<\/span><\/p>\n<\/p>\n<p><span class=\"text1noticias\">\u00abSi las asociaciones han perdido competitividad y parte de su esencia es porque las mismas no han evolucionado conforme lo han hecho las otras entidades del sistema financiero en t\u00e9rminos de las operaciones que le permiten la ley, entonces si ese es parte del problema, lo que debe procurarse es que a las asociaciones se les ampl\u00ede el abanico de las operaciones que le son permitidas por medio a la regulaci\u00f3n\u00bb, manifest\u00f3 NG Corti\u00f1as.<\/span><\/p>\n<\/p>\n<p><span class=\"text1noticias\">De igual forma, \u00absi en algunas ha habido problemas de gesti\u00f3n o bien son d\u00e9biles, lo que se debe hacer es seguir impulsando la fusi\u00f3n entre ellas para hacerlas m\u00e1s robustas, tal y como se hizo en el pasado\u00bb, indico el economista.<\/span><\/p>\n<\/p>\n<p><span class=\"text1noticias\">El sub-sector mutualista hist\u00f3ricamente no le ha dado problemas al pa\u00eds, entonces por que tocarlo en su esencia, puntualizo NG Corti\u00f1as.(HG)<\/span>.<\/p>\n<h6> 2013-12-04 19:00:04 <\/h6>\n<p><!--\n<link rel=\"stylesheet\" href=\"css\/bootstrap.min.css\">\n\n\n<ul class=\"pagination\">\n\t    \n\t\n\n<li >\n\t<a href='?page_no=14172'>Previous<\/a>\n\t<\/li>\n\n\n       \n    \n\n<li><a href='?page_no=1'>1<\/a><\/li>\n\n\n\n<li><a href='?page_no=2'>2<\/a><\/li>\n\n\n\n<li><a>...<\/a><\/li>\n\n\n\n<li><a href='?page_no=14171'>14171<\/a><\/li>\n\n\n\n<li><a href='?page_no=14172'>14172<\/a><\/li>\n\n\n\n<li class='active'><a>14173<\/a><\/li>\n\n\n\n<li><a href='?page_no=14174'>14174<\/a><\/li>\n\n\n\n<li><a href='?page_no=14175'>14175<\/a><\/li>\n\n\n\n<li><a>...<\/a><\/li>\n\n\n\n<li><a href='?page_no=30472'>30472<\/a><\/li>\n\n\n\n<li><a href='?page_no=30473'>30473<\/a><\/li>\n\n    \n\t\n\n<li >\n\t<a href='?page_no=14174'>Next<\/a>\n\t<\/li>\n\n\n    \n\n<li><a href='?page_no=30473'>Last &rsaquo;&rsaquo;<\/a><\/li>\n\n<\/ul>\n\n\n--><br \/>\n<\/body><\/p>\n","protected":false},"excerpt":{"rendered":"<p>Santo Domingo, RD, 4 de Diciembre.-El economista Haivanjoe NG Corti\u00f1as al referirse al anuncio por parte de los bancos, con aprobaci\u00f3n de la Superintendencia de Bancos, de cobrar el 1.0% de comisi\u00f3n por las compras internacionales que se hagan por medio a las tarjetas de cr\u00e9dito a partir del 1ero. de diciembre, lo consider\u00f3 apartado [&hellip;]<\/p>\n","protected":false},"author":3,"featured_media":0,"comment_status":"open","ping_status":"open","sticky":false,"template":"","format":"standard","meta":{"footnotes":""},"categories":[18],"tags":[],"class_list":["post-98635","post","type-post","status-publish","format-standard","hentry","category-economia"],"_links":{"self":[{"href":"https:\/\/diariodominicano.com\/index.php?rest_route=\/wp\/v2\/posts\/98635","targetHints":{"allow":["GET"]}}],"collection":[{"href":"https:\/\/diariodominicano.com\/index.php?rest_route=\/wp\/v2\/posts"}],"about":[{"href":"https:\/\/diariodominicano.com\/index.php?rest_route=\/wp\/v2\/types\/post"}],"author":[{"embeddable":true,"href":"https:\/\/diariodominicano.com\/index.php?rest_route=\/wp\/v2\/users\/3"}],"replies":[{"embeddable":true,"href":"https:\/\/diariodominicano.com\/index.php?rest_route=%2Fwp%2Fv2%2Fcomments&post=98635"}],"version-history":[{"count":0,"href":"https:\/\/diariodominicano.com\/index.php?rest_route=\/wp\/v2\/posts\/98635\/revisions"}],"wp:attachment":[{"href":"https:\/\/diariodominicano.com\/index.php?rest_route=%2Fwp%2Fv2%2Fmedia&parent=98635"}],"wp:term":[{"taxonomy":"category","embeddable":true,"href":"https:\/\/diariodominicano.com\/index.php?rest_route=%2Fwp%2Fv2%2Fcategories&post=98635"},{"taxonomy":"post_tag","embeddable":true,"href":"https:\/\/diariodominicano.com\/index.php?rest_route=%2Fwp%2Fv2%2Ftags&post=98635"}],"curies":[{"name":"wp","href":"https:\/\/api.w.org\/{rel}","templated":true}]}}