{"id":98634,"date":"2013-12-04T19:12:46","date_gmt":"2013-12-04T19:12:46","guid":{"rendered":"http:\/\/diariodominicano.ddns.net\/?p=98634"},"modified":"2013-12-04T19:12:46","modified_gmt":"2013-12-04T19:12:46","slug":"vocacionales-elevan-el-empleo-y-los-servicios-a-la-poblacion","status":"publish","type":"post","link":"https:\/\/diariodominicano.com\/?p=98634","title":{"rendered":"Vocacionales elevan el empleo y los servicios a la poblaci\u00f3n"},"content":{"rendered":"<p><body><\/p>\n<p><img decoding=\"async\" src=\"img3\/vocacionales.jpg\" \/>  <\/p>\n<p><span class=\"text1noticias\">El\u00edas Pi\u00f1a, RD, 4 de Diciembre.-El senador Adriano S\u00e1nchez Roa consider\u00f3 que la graduaci\u00f3n de 11 mil 386 personas humildes en oficios t\u00e9cnicos esenciales por parte de las Vocacionales del Ministerio de Defensa y la Polic\u00eda Nacional, contribuye a elevar los ingresos, mejorar los servicios y combatir la pobreza en todo el pa\u00eds.<\/span><\/p>\n<\/p>\n<p><span class=\"text1noticias\">\u00abSaludo la sensibilidad de la Primera Dama, licenciada C\u00e1ndida Montilla de Medina, por su permanente respaldo en esta formaci\u00f3n t\u00e9cnica, y al ministro Almirante Sigfrido Pared P\u00e9rez y el director de las Escuelas Vocacionales, general Ram\u00f3n Betances, porque han triplicado en este a\u00f1o la cantidad de beneficiarios\u00bb, dijo.<\/span><\/p>\n<\/p>\n<p><span class=\"text1noticias\">S\u00e1nchez Roa particip\u00f3 hoy en el acto de graduaci\u00f3n anual, celebrado en el Estadio Ol\u00edmpico, con la asistencia adem\u00e1s de la Primera Dama y el Ministro Pared P\u00e9rez, el embajador de Taiw\u00e1n, los senadores Juan Olando, Mercedes y Amarilis Santana, diputados, funcionarios y diplom\u00e1ticos.<\/span><\/p>\n<\/p>\n<p><span class=\"text1noticias\">Tambi\u00e9n, los jefes del Ej\u00e9rcito Dominicano, Rub\u00e9n Paulino, Armada Dominicana, Edwin Dominici, y la Fuerza A\u00e9rea Dominicana, Ram\u00f3n Hern\u00e1ndez, el inspector del ministerio mayor general de los Santos Mora, los viceministros, Ismael Alvarado, Medina Ogando y C\u00e1ceres Chestaro; el Presidente de la DNCD, Julio C\u00e9sar Souffront Vel\u00e1zquez, y el subjefe de la Polic\u00eda Nacional, Alejandro Dipr\u00e9.<\/span><\/p>\n<\/p>\n<p><span class=\"text1noticias\">El senador por El\u00edas Pi\u00f1a, explic\u00f3 que m\u00e1s de 500 j\u00f3venes de esa provincia y 236 padres de familias atrapados en el desempleo, a partir de ahora podr\u00e1 obtener ingresos con sus propios esfuerzos y, a la vez, aportar a la sociedad nuestra\u00bb.(HG)<\/span>.<\/p>\n<h6> 2013-12-04 19:12:46 <\/h6>\n<p><!--\n<link rel=\"stylesheet\" href=\"css\/bootstrap.min.css\">\n\n\n<ul class=\"pagination\">\n\t    \n\t\n\n<li >\n\t<a href='?page_no=14171'>Previous<\/a>\n\t<\/li>\n\n\n       \n    \n\n<li><a href='?page_no=1'>1<\/a><\/li>\n\n\n\n<li><a href='?page_no=2'>2<\/a><\/li>\n\n\n\n<li><a>...<\/a><\/li>\n\n\n\n<li><a href='?page_no=14170'>14170<\/a><\/li>\n\n\n\n<li><a href='?page_no=14171'>14171<\/a><\/li>\n\n\n\n<li class='active'><a>14172<\/a><\/li>\n\n\n\n<li><a href='?page_no=14173'>14173<\/a><\/li>\n\n\n\n<li><a href='?page_no=14174'>14174<\/a><\/li>\n\n\n\n<li><a>...<\/a><\/li>\n\n\n\n<li><a href='?page_no=30472'>30472<\/a><\/li>\n\n\n\n<li><a href='?page_no=30473'>30473<\/a><\/li>\n\n    \n\t\n\n<li >\n\t<a href='?page_no=14173'>Next<\/a>\n\t<\/li>\n\n\n    \n\n<li><a href='?page_no=30473'>Last &rsaquo;&rsaquo;<\/a><\/li>\n\n<\/ul>\n\n\n--><br \/>\n<\/body><\/p>\n","protected":false},"excerpt":{"rendered":"<p>El\u00edas Pi\u00f1a, RD, 4 de Diciembre.-El senador Adriano S\u00e1nchez Roa consider\u00f3 que la graduaci\u00f3n de 11 mil 386 personas humildes en oficios t\u00e9cnicos esenciales por parte de las Vocacionales del Ministerio de Defensa y la Polic\u00eda Nacional, contribuye a elevar los ingresos, mejorar los servicios y combatir la pobreza en todo el pa\u00eds. \u00abSaludo la [&hellip;]<\/p>\n","protected":false},"author":3,"featured_media":0,"comment_status":"open","ping_status":"open","sticky":false,"template":"","format":"standard","meta":{"footnotes":""},"categories":[18],"tags":[],"class_list":["post-98634","post","type-post","status-publish","format-standard","hentry","category-economia"],"_links":{"self":[{"href":"https:\/\/diariodominicano.com\/index.php?rest_route=\/wp\/v2\/posts\/98634","targetHints":{"allow":["GET"]}}],"collection":[{"href":"https:\/\/diariodominicano.com\/index.php?rest_route=\/wp\/v2\/posts"}],"about":[{"href":"https:\/\/diariodominicano.com\/index.php?rest_route=\/wp\/v2\/types\/post"}],"author":[{"embeddable":true,"href":"https:\/\/diariodominicano.com\/index.php?rest_route=\/wp\/v2\/users\/3"}],"replies":[{"embeddable":true,"href":"https:\/\/diariodominicano.com\/index.php?rest_route=%2Fwp%2Fv2%2Fcomments&post=98634"}],"version-history":[{"count":0,"href":"https:\/\/diariodominicano.com\/index.php?rest_route=\/wp\/v2\/posts\/98634\/revisions"}],"wp:attachment":[{"href":"https:\/\/diariodominicano.com\/index.php?rest_route=%2Fwp%2Fv2%2Fmedia&parent=98634"}],"wp:term":[{"taxonomy":"category","embeddable":true,"href":"https:\/\/diariodominicano.com\/index.php?rest_route=%2Fwp%2Fv2%2Fcategories&post=98634"},{"taxonomy":"post_tag","embeddable":true,"href":"https:\/\/diariodominicano.com\/index.php?rest_route=%2Fwp%2Fv2%2Ftags&post=98634"}],"curies":[{"name":"wp","href":"https:\/\/api.w.org\/{rel}","templated":true}]}}