{"id":98632,"date":"2013-12-04T19:49:15","date_gmt":"2013-12-04T19:49:15","guid":{"rendered":"http:\/\/diariodominicano.ddns.net\/?p=98632"},"modified":"2013-12-04T19:49:15","modified_gmt":"2013-12-04T19:49:15","slug":"el-bid-y-observatorio-foro-estiman-crecimiento-crucial-tema-electrico-para-mejorar-competitividad","status":"publish","type":"post","link":"https:\/\/diariodominicano.com\/?p=98632","title":{"rendered":"El BID y Observatorio Foro estiman crecimiento crucial tema el\u00e9ctrico para mejorar competitividad"},"content":{"rendered":"<p><body><\/p>\n<p><img decoding=\"async\" src=\"img3\/bid.jpg\" \/>  <\/p>\n<p><span class=\"text1noticias\">Santo Domingo, RD, 4 de Diciembre.-El Banco Interamericano de Desarrollo (BID) prev\u00e9 que sin una reforma significativa en el sector electricidad, los avances en competitividad de la Rep\u00fablica Dominicana para reducir la pobreza resultar\u00e1n insuficientes.<\/span><\/p>\n<p><span class=\"text1noticias\"> <\/span><\/p>\n<p><span class=\"text1noticias\">Esta previsi\u00f3n fue hecha por la representante del BID en el pa\u00eds, Flora Montealegre, al compartir con la economista Maritza Ruiz, de la sociedad civil, comentarios sobre los retos de la competitividad en el pa\u00eds expuestos por el ministro de Industria y Comerci\u00f3, Jos\u00e9 del Castillo, en el Foro para el Crecimiento del Caribe clausurado el martes en el Palacio Nacional.<\/span><\/p>\n<\/p>\n<p><span class=\"text1noticias\">El Foro cuenta con los auspicios del Banco Mundial, del propio BID, Compete Caribe\u00f1a, el Banco Caribe\u00f1o de Desarrollo (CDD) y la Uni\u00f3n Europea y en las mesas de trabajo que operaron durante su desarrollo identificaron m\u00e1s de 80 acciones concretas que est\u00e1n siendo impulsadas por 17 ministerios y 30 puntos focales designados por el gobierno para mejorar el clima de inversi\u00f3n, la educaci\u00f3n, la competitividad y generar empleo con mayor remuneraci\u00f3n. Se trata de una iniciativa a dos a\u00f1os destinada a promover el crecimiento sostenible y las oportunidades para todo el Caribe.<\/span><\/p>\n<p><span class=\"text1noticias\"> <\/span><\/p>\n<p><span class=\"text1noticias\">La Unidad de Comunicaciones del Ministerio de Econom\u00eda record\u00f3 que en este c\u00f3nclave del cap\u00edtulo dominicano del Foro en el Palacio Nacional, el ministro Tem\u00edstocles Mont\u00e1s critic\u00f3 la competitividad \u00aba todo costo\u00bb de la globalizaci\u00f3n que superpone los indicadores econ\u00f3micos a los de desarrollo humano.<\/span><\/p>\n<\/p>\n<p><span class=\"text1noticias\">Montealegre estim\u00f3 \u00abenorme\u00bb el impacto de la electricidad sobre la competividad en el pa\u00eds y una de las principales limitantes de la productividad, debido a la poca credibilidad en el suministro y a la carga fiscal creciente, expresada en recurrentes problemas financieros. <\/span><\/p>\n<\/p>\n<p><span class=\"text1noticias\">\u00abEl costo de la energ\u00eda en el pa\u00eds est\u00e1 entre los m\u00e1s altos del continente, y triplica el costo promedio de energ\u00eda de los Estados Unidos, que es de doce centavos (de d\u00f3lar) el kilovatio\/hora\u00bb, dijo, adem\u00e1s de que es generada bajo una alta dependencia de Petrocaribe, un acuerdo que en su opini\u00f3n no necesariamente garantiza estabilidad a largo plazo.<\/span><\/p>\n<\/p>\n<p><span class=\"text1noticias\">Debido a dichas circunstancias, enjuici\u00f3 que es positivo que el cap\u00edtulo dominicano del Foro considere altamente prioritario identificar acciones dirigidas a diversificar la matriz de generaci\u00f3n y la reducci\u00f3n de costos.<\/span><\/p>\n<\/p>\n<p><span class=\"text1noticias\">Montealegre, aunque consider\u00f3 vulnerable la persistente dependencia del pa\u00eds del petr\u00f3leo, visualiz\u00f3 como avance la decisi\u00f3n oficial de modificar la matriz de generaci\u00f3n mediante la adici\u00f3n al sistema de mil quinientos megavatios a carb\u00f3n en los pr\u00f3ximos cuatro a\u00f1os.<\/span><\/p>\n<\/p>\n<p><span class=\"text1noticias\">Puso a disposici\u00f3n del pa\u00eds estudios sobre el sector del organismo financiero que representa para contribuir al di\u00e1logo y al debate sobre alternativas de reformas, y anunci\u00f3 el compromiso del BID de aportar financiaci\u00f3n para mejorar la gesti\u00f3n de las distribuidoras y reducir las p\u00e9rdidas t\u00e9cnicas.<\/span><\/p>\n<\/p>\n<p><span class=\"text1noticias\">\tPor su parte, la economista Ruiz, del Observatorio que dar\u00e1 seguimiento al Foro, consider\u00f3 que aun cuando los avances que ha tenido el pa\u00eds en no pocas \u00e1reas son innegables, no llegan a la gente.<\/span><\/p>\n<\/p>\n<p><span class=\"text1noticias\">\t\u00abSentimos que a pesar de ese crecimiento no se ha impactado ni se ha impactado el empleo, la distribuci\u00f3n del ingreso ni la productividad como se debe, porque hay retrancas muy fuertes en aspectos como energ\u00eda y transporte. Sentimos como que el pa\u00eds se desindustrializa, pese a los avances de las zonas francas\u00bb, coment\u00f3.<\/span><\/p>\n<\/p>\n<p><span class=\"text1noticias\">\tAdvirti\u00f3 por tanto que el desaf\u00edo de la productividad y de la competividad est\u00e1 desde mucho tiempo en las empresas, que son las que se vuelven competitivas, las que crean encadenamientos y desencadenan procesos, capacidades y contratan gente.<\/span><\/p>\n<\/p>\n<p><span class=\"text1noticias\">\t\u00abEntonces podemos hacer muchos esfuerzos en mejorar la educaci\u00f3n, en reducir costos, en darles incentivos y exenciones desde el sector p\u00fablico, pero si las capacidades de la empresa no se tensionan para hacer m\u00e1s y mejor lo que hacemos, ser\u00e1 dif\u00edcil levantar la competitividad del pa\u00eds y que las mayor\u00edas disfruten de los beneficios\u00bb, agreg\u00f3.<\/span><\/p>\n<\/p>\n<p><span class=\"text1noticias\">\tRuiz considera que, m\u00e1s all\u00e1 de la contribuci\u00f3n p\u00fablica a las empresas, se debe penetrar al coraz\u00f3n de las mismas para posibilitar un horizonte de crecimiento social, debido a que la inversi\u00f3n privada est\u00e1 fuertemente refrenada, carente de proyectos que jalonen y abran senderos de crecimiento, de competitividad. <\/span><\/p>\n<\/p>\n<p><span class=\"text1noticias\">El Foro, una iniciativa de gobiernos, es auspiciado por el Banco Mundial, el BID, Compete Caribe\u00f1a, Banco Caribe\u00f1o de Desarrollo (CDD) y la Uni\u00f3n Europea.<\/span><\/p>\n<\/p>\n<p><span class=\"text1noticias\">En el encuentro fueron identificadas por los participantes en tres mesas de trabajo m\u00e1s de 80 acciones concretas impulsadas por 17 ministerios y 30 puntos focales con que el gobierno busca mejorar el clima de inversi\u00f3n, la educaci\u00f3n, la competitividad y generar empleo con mayor remuneraci\u00f3n.(HG)<\/span>.<\/p>\n<\/p>\n<h6> 2013-12-04 19:49:15 <\/h6>\n<p><!--\n<link rel=\"stylesheet\" href=\"css\/bootstrap.min.css\">\n\n\n<ul class=\"pagination\">\n\t    \n\t\n\n<li >\n\t<a href='?page_no=14169'>Previous<\/a>\n\t<\/li>\n\n\n       \n    \n\n<li><a href='?page_no=1'>1<\/a><\/li>\n\n\n\n<li><a href='?page_no=2'>2<\/a><\/li>\n\n\n\n<li><a>...<\/a><\/li>\n\n\n\n<li><a href='?page_no=14168'>14168<\/a><\/li>\n\n\n\n<li><a href='?page_no=14169'>14169<\/a><\/li>\n\n\n\n<li class='active'><a>14170<\/a><\/li>\n\n\n\n<li><a href='?page_no=14171'>14171<\/a><\/li>\n\n\n\n<li><a href='?page_no=14172'>14172<\/a><\/li>\n\n\n\n<li><a>...<\/a><\/li>\n\n\n\n<li><a href='?page_no=30472'>30472<\/a><\/li>\n\n\n\n<li><a href='?page_no=30473'>30473<\/a><\/li>\n\n    \n\t\n\n<li >\n\t<a href='?page_no=14171'>Next<\/a>\n\t<\/li>\n\n\n    \n\n<li><a href='?page_no=30473'>Last &rsaquo;&rsaquo;<\/a><\/li>\n\n<\/ul>\n\n\n--><br \/>\n<\/body><\/p>\n","protected":false},"excerpt":{"rendered":"<p>Santo Domingo, RD, 4 de Diciembre.-El Banco Interamericano de Desarrollo (BID) prev\u00e9 que sin una reforma significativa en el sector electricidad, los avances en competitividad de la Rep\u00fablica Dominicana para reducir la pobreza resultar\u00e1n insuficientes. Esta previsi\u00f3n fue hecha por la representante del BID en el pa\u00eds, Flora Montealegre, al compartir con la economista Maritza [&hellip;]<\/p>\n","protected":false},"author":3,"featured_media":0,"comment_status":"open","ping_status":"open","sticky":false,"template":"","format":"standard","meta":{"footnotes":""},"categories":[18],"tags":[],"class_list":["post-98632","post","type-post","status-publish","format-standard","hentry","category-economia"],"_links":{"self":[{"href":"https:\/\/diariodominicano.com\/index.php?rest_route=\/wp\/v2\/posts\/98632","targetHints":{"allow":["GET"]}}],"collection":[{"href":"https:\/\/diariodominicano.com\/index.php?rest_route=\/wp\/v2\/posts"}],"about":[{"href":"https:\/\/diariodominicano.com\/index.php?rest_route=\/wp\/v2\/types\/post"}],"author":[{"embeddable":true,"href":"https:\/\/diariodominicano.com\/index.php?rest_route=\/wp\/v2\/users\/3"}],"replies":[{"embeddable":true,"href":"https:\/\/diariodominicano.com\/index.php?rest_route=%2Fwp%2Fv2%2Fcomments&post=98632"}],"version-history":[{"count":0,"href":"https:\/\/diariodominicano.com\/index.php?rest_route=\/wp\/v2\/posts\/98632\/revisions"}],"wp:attachment":[{"href":"https:\/\/diariodominicano.com\/index.php?rest_route=%2Fwp%2Fv2%2Fmedia&parent=98632"}],"wp:term":[{"taxonomy":"category","embeddable":true,"href":"https:\/\/diariodominicano.com\/index.php?rest_route=%2Fwp%2Fv2%2Fcategories&post=98632"},{"taxonomy":"post_tag","embeddable":true,"href":"https:\/\/diariodominicano.com\/index.php?rest_route=%2Fwp%2Fv2%2Ftags&post=98632"}],"curies":[{"name":"wp","href":"https:\/\/api.w.org\/{rel}","templated":true}]}}