{"id":98630,"date":"2013-12-04T19:54:41","date_gmt":"2013-12-04T19:54:41","guid":{"rendered":"http:\/\/diariodominicano.ddns.net\/?p=98630"},"modified":"2013-12-04T19:54:41","modified_gmt":"2013-12-04T19:54:41","slug":"idac-certifica-operador-aereo-nacional","status":"publish","type":"post","link":"https:\/\/diariodominicano.com\/?p=98630","title":{"rendered":"IDAC certifica operador a\u00e9reo nacional&#13;"},"content":{"rendered":"<p><body><\/p>\n<p><img decoding=\"async\" src=\"img3\/certificacion.jpg\" \/>  <\/p>\n<p><span class=\"text1noticias\">Santo Domingo, RD, 4 de Diciembre.- El Instituto Dominicano de Aviaci\u00f3n Civil (IDAC) certific\u00f3 al operador a\u00e9reo Air Century S.A. para operaciones RAD 121 en el \u00e1rea comercial interna e internacional, regular y no regular, para pasajeros y carga.<\/span><\/p>\n<\/p>\n<p><span class=\"text1noticias\">En el transcurso de una actividad en el despacho de la direcci\u00f3n general, el doctor Alejandro Herrera hizo entrega de la documentaci\u00f3n que certifica a la operadora con una nueva categor\u00eda para sus actividades a\u00e9reas.<\/span><\/p>\n<\/p>\n<p><span class=\"text1noticias\">Omar Cha\u00edn, gerente general de la citada empresa,  recibi\u00f3 la certificaci\u00f3n agradeciendo al director del IDAC el impulso que ha dado a la actividad aeron\u00e1utica  y las facilidades otorgadas a los diversos operadores del sector.<\/span><\/p>\n<\/p>\n<p><span class=\"text1noticias\">Los capitanes pilotos Gabriel Medina y Alan Arias Batlle, director de Normas de Vuelos y encargado del departamento de Operaciones del IDAC, respectivamente, acompa\u00f1aron al doctor Herrera en la entrega de la certificaci\u00f3n a Air Century.<\/span><\/p>\n<\/p>\n<p><span class=\"text1noticias\">En dicha certificaci\u00f3n, la direcci\u00f3n de Normas de Vuelos del IDAC autoriza a Air Century a realizar \u00aboperaciones de transporte RAD 121, comercial interno e internacional, regular y no regular, pasajeros y carga\u00bb.<\/span><\/p>\n<\/p>\n<p><span class=\"text1noticias\">Al ser regulada por el RAD 121,  la operadora beneficiada cumple con las obligaciones  para operar que se ajustan a los procedimientos y normas incluidas en el Reglamento Aeron\u00e1utico Dominicano.<\/span><\/p>\n<\/p>\n<p><span class=\"text1noticias\">Las especificaciones del RAD 121 est\u00e1n contenidas en un documento de 382 p\u00e1ginas que se publica \u00edntegro en formado PDF en el portal en la web del IDAC, www.idac.gob.do<\/span><\/p>\n<\/p>\n<p><span class=\"text1noticias\">Al pasar del RAD 135 a ser regido por el RAD 121, el operador a\u00e9reo aumenta su capacidad y calidad de transporte tanto para carga y\/o pasajeros, ya se trate de operaciones internas o internacionales.(HG)<\/span>.<\/p>\n<\/p>\n<h6> 2013-12-04 19:54:41 <\/h6>\n<p><!--\n<link rel=\"stylesheet\" href=\"css\/bootstrap.min.css\">\n\n\n<ul class=\"pagination\">\n\t    \n\t\n\n<li >\n\t<a href='?page_no=14168'>Previous<\/a>\n\t<\/li>\n\n\n       \n    \n\n<li><a href='?page_no=1'>1<\/a><\/li>\n\n\n\n<li><a href='?page_no=2'>2<\/a><\/li>\n\n\n\n<li><a>...<\/a><\/li>\n\n\n\n<li><a href='?page_no=14167'>14167<\/a><\/li>\n\n\n\n<li><a href='?page_no=14168'>14168<\/a><\/li>\n\n\n\n<li class='active'><a>14169<\/a><\/li>\n\n\n\n<li><a href='?page_no=14170'>14170<\/a><\/li>\n\n\n\n<li><a href='?page_no=14171'>14171<\/a><\/li>\n\n\n\n<li><a>...<\/a><\/li>\n\n\n\n<li><a href='?page_no=30472'>30472<\/a><\/li>\n\n\n\n<li><a href='?page_no=30473'>30473<\/a><\/li>\n\n    \n\t\n\n<li >\n\t<a href='?page_no=14170'>Next<\/a>\n\t<\/li>\n\n\n    \n\n<li><a href='?page_no=30473'>Last &rsaquo;&rsaquo;<\/a><\/li>\n\n<\/ul>\n\n\n--><br \/>\n<\/body><\/p>\n","protected":false},"excerpt":{"rendered":"<p>Santo Domingo, RD, 4 de Diciembre.- El Instituto Dominicano de Aviaci\u00f3n Civil (IDAC) certific\u00f3 al operador a\u00e9reo Air Century S.A. para operaciones RAD 121 en el \u00e1rea comercial interna e internacional, regular y no regular, para pasajeros y carga. En el transcurso de una actividad en el despacho de la direcci\u00f3n general, el doctor Alejandro [&hellip;]<\/p>\n","protected":false},"author":3,"featured_media":0,"comment_status":"open","ping_status":"open","sticky":false,"template":"","format":"standard","meta":{"footnotes":""},"categories":[18],"tags":[],"class_list":["post-98630","post","type-post","status-publish","format-standard","hentry","category-economia"],"_links":{"self":[{"href":"https:\/\/diariodominicano.com\/index.php?rest_route=\/wp\/v2\/posts\/98630","targetHints":{"allow":["GET"]}}],"collection":[{"href":"https:\/\/diariodominicano.com\/index.php?rest_route=\/wp\/v2\/posts"}],"about":[{"href":"https:\/\/diariodominicano.com\/index.php?rest_route=\/wp\/v2\/types\/post"}],"author":[{"embeddable":true,"href":"https:\/\/diariodominicano.com\/index.php?rest_route=\/wp\/v2\/users\/3"}],"replies":[{"embeddable":true,"href":"https:\/\/diariodominicano.com\/index.php?rest_route=%2Fwp%2Fv2%2Fcomments&post=98630"}],"version-history":[{"count":0,"href":"https:\/\/diariodominicano.com\/index.php?rest_route=\/wp\/v2\/posts\/98630\/revisions"}],"wp:attachment":[{"href":"https:\/\/diariodominicano.com\/index.php?rest_route=%2Fwp%2Fv2%2Fmedia&parent=98630"}],"wp:term":[{"taxonomy":"category","embeddable":true,"href":"https:\/\/diariodominicano.com\/index.php?rest_route=%2Fwp%2Fv2%2Fcategories&post=98630"},{"taxonomy":"post_tag","embeddable":true,"href":"https:\/\/diariodominicano.com\/index.php?rest_route=%2Fwp%2Fv2%2Ftags&post=98630"}],"curies":[{"name":"wp","href":"https:\/\/api.w.org\/{rel}","templated":true}]}}