{"id":98629,"date":"2013-12-04T19:57:46","date_gmt":"2013-12-04T19:57:46","guid":{"rendered":"http:\/\/diariodominicano.ddns.net\/?p=98629"},"modified":"2013-12-04T19:57:46","modified_gmt":"2013-12-04T19:57:46","slug":"rd-se-adhiere-a-preocupacion-de-paises-por-proteccionismo-en-comercio-mundial","status":"publish","type":"post","link":"https:\/\/diariodominicano.com\/?p=98629","title":{"rendered":"RD se adhiere a preocupaci\u00f3n de pa\u00edses por proteccionismo en comercio mundial"},"content":{"rendered":"<p><body><\/p>\n<p><img decoding=\"async\" src=\"img3\/bali.jpg\" \/>  <\/p>\n<p><span class=\"text1noticias\">BALI, Indonesia, RD, 4 de Diciembre.-Rep\u00fablica Dominicana y las 119 naciones del Grupo Informal de la Organizaci\u00f3n Mundial del Comercio (OMC) consideraron que la proliferaci\u00f3n de medidas proteccionistas en la agricultura de los pa\u00edses desarrollados ocasiona graves perjuicios a los pueblos en desarrollo.<\/span><\/p>\n<\/p>\n<p><span class=\"text1noticias\">Al firmar la Declaraci\u00f3n Ministerial del Grupo Informal de Pa\u00edses en Desarrollo, a prop\u00f3sito de la Novena Conferencia Ministerial de la OMC, que se celebra aqu\u00ed, los pa\u00edses del grupo informal, al que pertenece RD, citaron los obst\u00e1culos no arancelarios y las subvenciones por parte de algunos pa\u00edses miembros de la OMC, como causantes de distorsi\u00f3n en el comercio mundial.<\/span><\/p>\n<\/p>\n<p><span class=\"text1noticias\">Expresaron especial preocupaci\u00f3n por las medidas que afectan a las exportaciones agr\u00edcolas, pues muchos pa\u00edses en desarrollo, en particular las econom\u00edas peque\u00f1as y vulnerables, padecen situaciones de pobreza generaliza en sus zonas rurales.<\/span><\/p>\n<\/p>\n<p><span class=\"text1noticias\">En ese sentido, consideran que la OMC deber\u00e1 centrar sus esfuerzos  en la continuaci\u00f3n del proceso de reforma en el sector de la agricultura, seg\u00fan lo dispuesto en el art\u00edculo 20 del Acuerdo sobre Agricultura y de conformidad con el mandato de Doha y la Declaraci\u00f3n Ministerial de Hong Kong, de 205.<\/span><\/p>\n<\/p>\n<p><span class=\"text1noticias\">En la reuni\u00f3n, el ministro de Agricultura de Rep\u00fablica Dominicana, Luis Ram\u00f3n Rodr\u00edguez, expuso sobre el desarrollo del sector agropecuario del pa\u00eds, con \u00e9nfasis en los temas de apertura comercial.<\/span><\/p>\n<\/p>\n<p><span class=\"text1noticias\">Rodr\u00edguez destac\u00f3 los alcances de los cinco tratados comerciales suscritos por la naci\u00f3n dominicana, y los avances en la expansi\u00f3n de las exportaciones, especialmente a los mercados de los Estados Unidos (EEUU) y la Uni\u00f3n Europea (UE).<\/span><\/p>\n<\/p>\n<p><span class=\"text1noticias\">En la Declaraci\u00f3n conjunta, los pa\u00edses del grupo informal destacan que la OMC no se cre\u00f3 con la \u00fanica finalidad de impulsar la liberalizaci\u00f3n del comercio, sino tambi\u00e9n, con el objetivo de elevar los niveles de vida y la necesidad  de realizar esfuerzos positivos para que los pa\u00edses en desarrollo obtengan una parte del incremento del comercio internacional que corresponda a las necesidades de su desarrollo econ\u00f3mico.<\/span><\/p>\n<\/p>\n<p><span class=\"text1noticias\">Los Ministros y Jefes de Delegaci\u00f3n firmantes agradecieron y felicitaron al gobierno de Indonesia por su hospitalidad y por la excelente labor realizada para organizar y acoger la importante Conferencia.<\/span><\/p>\n<\/p>\n<p><span class=\"text1noticias\">Tambi\u00e9n felicitaron al se\u00f1or Roberto Azev\u00eado, de Brasil, por su nombramiento como Director General de la OMC, y mostraron su complacencia de que proceda de un pa\u00eds en desarrollo.<\/span><\/p>\n<\/p>\n<p><span class=\"text1noticias\">\u00abEstamos unidos en nuestra resuelta voluntad de seguir construyendo un sistema multilateral de comercio basado en normas que tengan como elemento central el desarrollo y que respondan a las necesidades y expectativas de la mayor\u00eda de sus miembros\u00bb, proclamaron en el documento.(HG)<\/span>.<\/p>\n<h6> 2013-12-04 19:57:46 <\/h6>\n<p><!--\n<link rel=\"stylesheet\" href=\"css\/bootstrap.min.css\">\n\n\n<ul class=\"pagination\">\n\t    \n\t\n\n<li >\n\t<a href='?page_no=14167'>Previous<\/a>\n\t<\/li>\n\n\n       \n    \n\n<li><a href='?page_no=1'>1<\/a><\/li>\n\n\n\n<li><a href='?page_no=2'>2<\/a><\/li>\n\n\n\n<li><a>...<\/a><\/li>\n\n\n\n<li><a href='?page_no=14166'>14166<\/a><\/li>\n\n\n\n<li><a href='?page_no=14167'>14167<\/a><\/li>\n\n\n\n<li class='active'><a>14168<\/a><\/li>\n\n\n\n<li><a href='?page_no=14169'>14169<\/a><\/li>\n\n\n\n<li><a href='?page_no=14170'>14170<\/a><\/li>\n\n\n\n<li><a>...<\/a><\/li>\n\n\n\n<li><a href='?page_no=30472'>30472<\/a><\/li>\n\n\n\n<li><a href='?page_no=30473'>30473<\/a><\/li>\n\n    \n\t\n\n<li >\n\t<a href='?page_no=14169'>Next<\/a>\n\t<\/li>\n\n\n    \n\n<li><a href='?page_no=30473'>Last &rsaquo;&rsaquo;<\/a><\/li>\n\n<\/ul>\n\n\n--><br \/>\n<\/body><\/p>\n","protected":false},"excerpt":{"rendered":"<p>BALI, Indonesia, RD, 4 de Diciembre.-Rep\u00fablica Dominicana y las 119 naciones del Grupo Informal de la Organizaci\u00f3n Mundial del Comercio (OMC) consideraron que la proliferaci\u00f3n de medidas proteccionistas en la agricultura de los pa\u00edses desarrollados ocasiona graves perjuicios a los pueblos en desarrollo. Al firmar la Declaraci\u00f3n Ministerial del Grupo Informal de Pa\u00edses en Desarrollo, [&hellip;]<\/p>\n","protected":false},"author":3,"featured_media":0,"comment_status":"open","ping_status":"open","sticky":false,"template":"","format":"standard","meta":{"footnotes":""},"categories":[18],"tags":[],"class_list":["post-98629","post","type-post","status-publish","format-standard","hentry","category-economia"],"_links":{"self":[{"href":"https:\/\/diariodominicano.com\/index.php?rest_route=\/wp\/v2\/posts\/98629","targetHints":{"allow":["GET"]}}],"collection":[{"href":"https:\/\/diariodominicano.com\/index.php?rest_route=\/wp\/v2\/posts"}],"about":[{"href":"https:\/\/diariodominicano.com\/index.php?rest_route=\/wp\/v2\/types\/post"}],"author":[{"embeddable":true,"href":"https:\/\/diariodominicano.com\/index.php?rest_route=\/wp\/v2\/users\/3"}],"replies":[{"embeddable":true,"href":"https:\/\/diariodominicano.com\/index.php?rest_route=%2Fwp%2Fv2%2Fcomments&post=98629"}],"version-history":[{"count":0,"href":"https:\/\/diariodominicano.com\/index.php?rest_route=\/wp\/v2\/posts\/98629\/revisions"}],"wp:attachment":[{"href":"https:\/\/diariodominicano.com\/index.php?rest_route=%2Fwp%2Fv2%2Fmedia&parent=98629"}],"wp:term":[{"taxonomy":"category","embeddable":true,"href":"https:\/\/diariodominicano.com\/index.php?rest_route=%2Fwp%2Fv2%2Fcategories&post=98629"},{"taxonomy":"post_tag","embeddable":true,"href":"https:\/\/diariodominicano.com\/index.php?rest_route=%2Fwp%2Fv2%2Ftags&post=98629"}],"curies":[{"name":"wp","href":"https:\/\/api.w.org\/{rel}","templated":true}]}}