{"id":98623,"date":"2013-12-05T13:23:40","date_gmt":"2013-12-05T13:23:40","guid":{"rendered":"http:\/\/diariodominicano.ddns.net\/?p=98623"},"modified":"2013-12-05T13:23:40","modified_gmt":"2013-12-05T13:23:40","slug":"gobierno-inicia-hoy-pago-regalia-pascual","status":"publish","type":"post","link":"https:\/\/diariodominicano.com\/?p=98623","title":{"rendered":"Gobierno inicia hoy pago regal\u00eda pascual"},"content":{"rendered":"<p><body><\/p>\n<p>Santo Domingo RD 5 diciembre.- Este jueves el Gobierno de la Rep\u00fablica Dominicana inicia el  pago de la regal\u00eda pascual a los empleados del Estado.<\/p>\n<\/p>\n<p>Los primeros en recibirla ser\u00e1n los pensionados civiles y militares.<\/p>\n<\/p>\n<p>El ministro de Hacienda, Sim\u00f3n Lizardo, inform\u00f3 que este viernes todos los empleados p\u00fablicos tendr\u00e1n en sus cuentas corrientes, debidamente transferidos, los fondos correspondientes al sueldo n\u00famero trece,<\/p>\n<\/p>\n<p>En total el Gobierno erogar\u00e1 por este concepto RD$9,500 millones que se espera dinamicen la econom\u00eda local.<\/p>\n<p>Aunque el C\u00f3digo de Trabajo establece que el pago del Salario de Navidad se debe hacer a m\u00e1s tardar el 20 de diciembre, el <\/p>\n<p>Gobierno ha decidido adelantarlo.<\/p>\n<\/p>\n<p>El presidente de la Organizaci\u00f3n Nacional de Empresas Comerciales (ONEC), Ernesto Mart\u00ednez, se mostr\u00f3 esperanzado de que el comercio dominicano cambie de rumbo tras  la entrega del salario de Navidad, as\u00ed como con los dem\u00e1s pagos que realizar\u00e1 el Gobierno este mes, ascendentes a RD$50,000 <\/p>\n<h6> 2013-12-05 13:23:40 <\/h6>\n<p><!--\n<link rel=\"stylesheet\" href=\"css\/bootstrap.min.css\">\n\n\n<ul class=\"pagination\">\n\t    \n\t\n\n<li >\n\t<a href='?page_no=14161'>Previous<\/a>\n\t<\/li>\n\n\n       \n    \n\n<li><a href='?page_no=1'>1<\/a><\/li>\n\n\n\n<li><a href='?page_no=2'>2<\/a><\/li>\n\n\n\n<li><a>...<\/a><\/li>\n\n\n\n<li><a href='?page_no=14160'>14160<\/a><\/li>\n\n\n\n<li><a href='?page_no=14161'>14161<\/a><\/li>\n\n\n\n<li class='active'><a>14162<\/a><\/li>\n\n\n\n<li><a href='?page_no=14163'>14163<\/a><\/li>\n\n\n\n<li><a href='?page_no=14164'>14164<\/a><\/li>\n\n\n\n<li><a>...<\/a><\/li>\n\n\n\n<li><a href='?page_no=30472'>30472<\/a><\/li>\n\n\n\n<li><a href='?page_no=30473'>30473<\/a><\/li>\n\n    \n\t\n\n<li >\n\t<a href='?page_no=14163'>Next<\/a>\n\t<\/li>\n\n\n    \n\n<li><a href='?page_no=30473'>Last &rsaquo;&rsaquo;<\/a><\/li>\n\n<\/ul>\n\n\n--><br \/>\n<\/body><\/p>\n","protected":false},"excerpt":{"rendered":"<p>Santo Domingo RD 5 diciembre.- Este jueves el Gobierno de la Rep\u00fablica Dominicana inicia el pago de la regal\u00eda pascual a los empleados del Estado. Los primeros en recibirla ser\u00e1n los pensionados civiles y militares. El ministro de Hacienda, Sim\u00f3n Lizardo, inform\u00f3 que este viernes todos los empleados p\u00fablicos tendr\u00e1n en sus cuentas corrientes, debidamente [&hellip;]<\/p>\n","protected":false},"author":3,"featured_media":0,"comment_status":"open","ping_status":"open","sticky":false,"template":"","format":"standard","meta":{"footnotes":""},"categories":[18],"tags":[],"class_list":["post-98623","post","type-post","status-publish","format-standard","hentry","category-economia"],"_links":{"self":[{"href":"https:\/\/diariodominicano.com\/index.php?rest_route=\/wp\/v2\/posts\/98623","targetHints":{"allow":["GET"]}}],"collection":[{"href":"https:\/\/diariodominicano.com\/index.php?rest_route=\/wp\/v2\/posts"}],"about":[{"href":"https:\/\/diariodominicano.com\/index.php?rest_route=\/wp\/v2\/types\/post"}],"author":[{"embeddable":true,"href":"https:\/\/diariodominicano.com\/index.php?rest_route=\/wp\/v2\/users\/3"}],"replies":[{"embeddable":true,"href":"https:\/\/diariodominicano.com\/index.php?rest_route=%2Fwp%2Fv2%2Fcomments&post=98623"}],"version-history":[{"count":0,"href":"https:\/\/diariodominicano.com\/index.php?rest_route=\/wp\/v2\/posts\/98623\/revisions"}],"wp:attachment":[{"href":"https:\/\/diariodominicano.com\/index.php?rest_route=%2Fwp%2Fv2%2Fmedia&parent=98623"}],"wp:term":[{"taxonomy":"category","embeddable":true,"href":"https:\/\/diariodominicano.com\/index.php?rest_route=%2Fwp%2Fv2%2Fcategories&post=98623"},{"taxonomy":"post_tag","embeddable":true,"href":"https:\/\/diariodominicano.com\/index.php?rest_route=%2Fwp%2Fv2%2Ftags&post=98623"}],"curies":[{"name":"wp","href":"https:\/\/api.w.org\/{rel}","templated":true}]}}