{"id":98622,"date":"2013-12-05T13:27:14","date_gmt":"2013-12-05T13:27:14","guid":{"rendered":"http:\/\/diariodominicano.ddns.net\/?p=98622"},"modified":"2013-12-05T13:27:14","modified_gmt":"2013-12-05T13:27:14","slug":"el-estado-confiscaria-bienes-zonas-francas","status":"publish","type":"post","link":"https:\/\/diariodominicano.com\/?p=98622","title":{"rendered":"El Estado confiscar\u00eda bienes zonas francas"},"content":{"rendered":"<p><body><\/p>\n<p><img decoding=\"async\" src=\"img3\/simon 5.php.html\" \/>  <\/p>\n<p>Santo Domingo RD 5 diciembre.- El Gobierno podr\u00eda confiscar la pr\u00f3xima semana los bienes a las empresas de zonas francas que le adeudan US$31.4 millones, anunci\u00f3 este mi\u00e9rcoles, Sim\u00f3n Lizardo, ministro de Hacienda.<\/p>\n<\/p>\n<p>\u00abEl Estado utilizar\u00e1 todos los mecanismos que tiene a su alcance para cobrar la deuda, iniciando con el di\u00e1logo hasta el cobro compulsivo\u00bb, afirm\u00f3.<\/p>\n<\/p>\n<p>El dinero le fue otorgado a 32 empresas mediante pr\u00e9stamos.<\/p>\n<\/p>\n<p>\u00abTodo lo que se le adeuda al Gobierno dominicano ser\u00e1 cobrado y se van a afectar los bienes de los deudores\u00bb, advirti\u00f3.<\/p>\n<\/p>\n<p>Sim\u00f3n Lizardo habl\u00f3 durante una reuni\u00f3n con los miembros de la Comisi\u00f3n de Hacienda del Senado<\/p>\n<h6> 2013-12-05 13:27:14 <\/h6>\n<p><!--\n<link rel=\"stylesheet\" href=\"css\/bootstrap.min.css\">\n\n\n<ul class=\"pagination\">\n\t    \n\t\n\n<li >\n\t<a href='?page_no=14160'>Previous<\/a>\n\t<\/li>\n\n\n       \n    \n\n<li><a href='?page_no=1'>1<\/a><\/li>\n\n\n\n<li><a href='?page_no=2'>2<\/a><\/li>\n\n\n\n<li><a>...<\/a><\/li>\n\n\n\n<li><a href='?page_no=14159'>14159<\/a><\/li>\n\n\n\n<li><a href='?page_no=14160'>14160<\/a><\/li>\n\n\n\n<li class='active'><a>14161<\/a><\/li>\n\n\n\n<li><a href='?page_no=14162'>14162<\/a><\/li>\n\n\n\n<li><a href='?page_no=14163'>14163<\/a><\/li>\n\n\n\n<li><a>...<\/a><\/li>\n\n\n\n<li><a href='?page_no=30472'>30472<\/a><\/li>\n\n\n\n<li><a href='?page_no=30473'>30473<\/a><\/li>\n\n    \n\t\n\n<li >\n\t<a href='?page_no=14162'>Next<\/a>\n\t<\/li>\n\n\n    \n\n<li><a href='?page_no=30473'>Last &rsaquo;&rsaquo;<\/a><\/li>\n\n<\/ul>\n\n\n--><br \/>\n<\/body><\/p>\n","protected":false},"excerpt":{"rendered":"<p>Santo Domingo RD 5 diciembre.- El Gobierno podr\u00eda confiscar la pr\u00f3xima semana los bienes a las empresas de zonas francas que le adeudan US$31.4 millones, anunci\u00f3 este mi\u00e9rcoles, Sim\u00f3n Lizardo, ministro de Hacienda. \u00abEl Estado utilizar\u00e1 todos los mecanismos que tiene a su alcance para cobrar la deuda, iniciando con el di\u00e1logo hasta el cobro [&hellip;]<\/p>\n","protected":false},"author":3,"featured_media":0,"comment_status":"open","ping_status":"open","sticky":false,"template":"","format":"standard","meta":{"footnotes":""},"categories":[18],"tags":[],"class_list":["post-98622","post","type-post","status-publish","format-standard","hentry","category-economia"],"_links":{"self":[{"href":"https:\/\/diariodominicano.com\/index.php?rest_route=\/wp\/v2\/posts\/98622","targetHints":{"allow":["GET"]}}],"collection":[{"href":"https:\/\/diariodominicano.com\/index.php?rest_route=\/wp\/v2\/posts"}],"about":[{"href":"https:\/\/diariodominicano.com\/index.php?rest_route=\/wp\/v2\/types\/post"}],"author":[{"embeddable":true,"href":"https:\/\/diariodominicano.com\/index.php?rest_route=\/wp\/v2\/users\/3"}],"replies":[{"embeddable":true,"href":"https:\/\/diariodominicano.com\/index.php?rest_route=%2Fwp%2Fv2%2Fcomments&post=98622"}],"version-history":[{"count":0,"href":"https:\/\/diariodominicano.com\/index.php?rest_route=\/wp\/v2\/posts\/98622\/revisions"}],"wp:attachment":[{"href":"https:\/\/diariodominicano.com\/index.php?rest_route=%2Fwp%2Fv2%2Fmedia&parent=98622"}],"wp:term":[{"taxonomy":"category","embeddable":true,"href":"https:\/\/diariodominicano.com\/index.php?rest_route=%2Fwp%2Fv2%2Fcategories&post=98622"},{"taxonomy":"post_tag","embeddable":true,"href":"https:\/\/diariodominicano.com\/index.php?rest_route=%2Fwp%2Fv2%2Ftags&post=98622"}],"curies":[{"name":"wp","href":"https:\/\/api.w.org\/{rel}","templated":true}]}}