{"id":98617,"date":"2013-12-05T16:31:08","date_gmt":"2013-12-05T16:31:08","guid":{"rendered":"http:\/\/diariodominicano.ddns.net\/?p=98617"},"modified":"2013-12-05T16:31:08","modified_gmt":"2013-12-05T16:31:08","slug":"turismo-destaca-en-promocion-la-belleza-y-hospitalidad-de-los-dominicanos","status":"publish","type":"post","link":"https:\/\/diariodominicano.com\/?p=98617","title":{"rendered":"&#13; &#13;Turismo destaca en promoci\u00f3n la belleza y hospitalidad de los dominicanos&#13;"},"content":{"rendered":"<p><body><\/p>\n<p><img decoding=\"async\" src=\"img3\/fran 5.jpg\" \/>  <\/p>\n<p>Santo Domingo RD 5 diciembre.- El Ministro de Turismo, Francisco  Javier Garc\u00eda present\u00f3 la nueva campa\u00f1a de promoci\u00f3n del pa\u00eds denominada \u00abLo Tiene\u00bb, donde se destaca la belleza y hospitalidad de los dominicanos y en la cual se  invita a los extranjeros y dominicanos a disfrutar de los encantos de la Rep\u00fablica Dominicana.<\/p>\n<\/p>\n<p>El acto de lanzamiento de la campa\u00f1a, nacional e internacional, se llev\u00f3 a cabo en el hotel Hilton,  de \u00e9sta capital, en el evento  presentaron  los nuevos spots publicitarios en los diversos idiomas, que ser\u00e1n colocados en distintos mercados del mundo.<\/p>\n<\/p>\n<p>Con el nuevo lema \u00abLo Tiene\u00bb o su versi\u00f3n en ingl\u00e9s,  Has It, el Ministerio de Turismo (MITUR),  ofrece continuidad a la campa\u00f1a \u00abLo Tiene Todo\u00bb, para  el mercado internacional y \u00abDonde Quiera que Vayas\u00bb, para el local.<\/p>\n<\/p>\n<p>Durante el coctel se presentaron los videos en espa\u00f1ol e ingl\u00e9s de los destinos de Puerto Plata, La Romana, Santo Domingo, Saman\u00e1 y Punta Cana y la proyecci\u00f3n \u00abDominicana La Bella\u00bb, que invita a los dominicanos residentes en el extranjero a retornar al pa\u00eds a tomar sus vacaciones.<\/p>\n<\/p>\n<p>Garc\u00eda Fern\u00e1ndez dijo que la nueva campa\u00f1a garantiza que Rep\u00fablica Dominicana siga siendo l\u00edder del Turismo en la regi\u00f3n del Caribe..<\/p>\n<\/p>\n<p>\u00abEsta nueva campa\u00f1a que les presentamos es realmente espectacular. Muestra la belleza de nuestro pa\u00eds, la diversidad de nuestra oferta y la gentileza de nuestro pueblo\u00bb, dijo el Ministro de Turismo.<\/p>\n<h6> 2013-12-05 16:31:08 <\/h6>\n<p><!--\n<link rel=\"stylesheet\" href=\"css\/bootstrap.min.css\">\n\n\n<ul class=\"pagination\">\n\t    \n\t\n\n<li >\n\t<a href='?page_no=14156'>Previous<\/a>\n\t<\/li>\n\n\n       \n    \n\n<li><a href='?page_no=1'>1<\/a><\/li>\n\n\n\n<li><a href='?page_no=2'>2<\/a><\/li>\n\n\n\n<li><a>...<\/a><\/li>\n\n\n\n<li><a href='?page_no=14155'>14155<\/a><\/li>\n\n\n\n<li><a href='?page_no=14156'>14156<\/a><\/li>\n\n\n\n<li class='active'><a>14157<\/a><\/li>\n\n\n\n<li><a href='?page_no=14158'>14158<\/a><\/li>\n\n\n\n<li><a href='?page_no=14159'>14159<\/a><\/li>\n\n\n\n<li><a>...<\/a><\/li>\n\n\n\n<li><a href='?page_no=30472'>30472<\/a><\/li>\n\n\n\n<li><a href='?page_no=30473'>30473<\/a><\/li>\n\n    \n\t\n\n<li >\n\t<a href='?page_no=14158'>Next<\/a>\n\t<\/li>\n\n\n    \n\n<li><a href='?page_no=30473'>Last &rsaquo;&rsaquo;<\/a><\/li>\n\n<\/ul>\n\n\n--><br \/>\n<\/body><\/p>\n","protected":false},"excerpt":{"rendered":"<p>Santo Domingo RD 5 diciembre.- El Ministro de Turismo, Francisco Javier Garc\u00eda present\u00f3 la nueva campa\u00f1a de promoci\u00f3n del pa\u00eds denominada \u00abLo Tiene\u00bb, donde se destaca la belleza y hospitalidad de los dominicanos y en la cual se invita a los extranjeros y dominicanos a disfrutar de los encantos de la Rep\u00fablica Dominicana. El acto [&hellip;]<\/p>\n","protected":false},"author":3,"featured_media":0,"comment_status":"open","ping_status":"open","sticky":false,"template":"","format":"standard","meta":{"footnotes":""},"categories":[18],"tags":[],"class_list":["post-98617","post","type-post","status-publish","format-standard","hentry","category-economia"],"_links":{"self":[{"href":"https:\/\/diariodominicano.com\/index.php?rest_route=\/wp\/v2\/posts\/98617","targetHints":{"allow":["GET"]}}],"collection":[{"href":"https:\/\/diariodominicano.com\/index.php?rest_route=\/wp\/v2\/posts"}],"about":[{"href":"https:\/\/diariodominicano.com\/index.php?rest_route=\/wp\/v2\/types\/post"}],"author":[{"embeddable":true,"href":"https:\/\/diariodominicano.com\/index.php?rest_route=\/wp\/v2\/users\/3"}],"replies":[{"embeddable":true,"href":"https:\/\/diariodominicano.com\/index.php?rest_route=%2Fwp%2Fv2%2Fcomments&post=98617"}],"version-history":[{"count":0,"href":"https:\/\/diariodominicano.com\/index.php?rest_route=\/wp\/v2\/posts\/98617\/revisions"}],"wp:attachment":[{"href":"https:\/\/diariodominicano.com\/index.php?rest_route=%2Fwp%2Fv2%2Fmedia&parent=98617"}],"wp:term":[{"taxonomy":"category","embeddable":true,"href":"https:\/\/diariodominicano.com\/index.php?rest_route=%2Fwp%2Fv2%2Fcategories&post=98617"},{"taxonomy":"post_tag","embeddable":true,"href":"https:\/\/diariodominicano.com\/index.php?rest_route=%2Fwp%2Fv2%2Ftags&post=98617"}],"curies":[{"name":"wp","href":"https:\/\/api.w.org\/{rel}","templated":true}]}}