{"id":98616,"date":"2013-12-05T18:43:15","date_gmt":"2013-12-05T18:43:15","guid":{"rendered":"http:\/\/diariodominicano.ddns.net\/?p=98616"},"modified":"2013-12-05T18:43:15","modified_gmt":"2013-12-05T18:43:15","slug":"ministro-de-industria-y-comercio-afirma-gobierno-tiene-firme-compromiso-con-la-competitividad","status":"publish","type":"post","link":"https:\/\/diariodominicano.com\/?p=98616","title":{"rendered":"Ministro de Industria y Comercio afirma Gobierno tiene firme compromiso con la competitividad"},"content":{"rendered":"<p><body><\/p>\n<p><img decoding=\"async\" src=\"img3\/castillo.jpg\" \/>  <\/p>\n<p><span class=\"text1noticias\">Santo Domingo, RD, 5 de Diciembre.-El ministro de Industria y Comercio, Jos\u00e9 Del Castillo Savi\u00f1\u00f3n, declar\u00f3 ante el Foro para el Crecimiento del Caribe (FCC), que si bien es cierto que persisten algunos retos importantes para el progreso de la competitividad del pa\u00eds, el Gobierno tiene un firme compromiso con mejorar la misma.<\/span><\/p>\n<\/p>\n<p><span class=\"text1noticias\">Manifest\u00f3 que  este Foro apunta a que se avanzar\u00e1 en la consolidaci\u00f3n de la actividad econ\u00f3mica formal, el aumento de la productividad y la formaci\u00f3n de capital humano para continuar creciendo de forma sostenida.<\/span><\/p>\n<\/p>\n<p><span class=\"text1noticias\">El funcionario enfatiz\u00f3 que a pesar del escenario internacional adverso, desde una perspectiva macroecon\u00f3mica, Rep\u00fablica Dominicana ha mantenido una senda de crecimiento promedio de 5.0% en los \u00faltimos 5 a\u00f1os.<\/span><\/p>\n<\/p>\n<p><span class=\"text1noticias\">\u00abDesde el punto de vista de la competitividad de nuestras exportaciones, hemos realizado una firme apuesta hacia la diversificaci\u00f3n de nuestros destinos y oferta exportable. As\u00ed pues, las exportaciones de la Rep\u00fablica Dominicana hacia los pa\u00edses en \u00e1rea de tratados, entre 2012 y 2013, se han incrementado en US$260.4 millones, destac\u00e1ndose destinos como Estados Unidos, Panam\u00e1 y los pa\u00edses signatarios del EPA\u00bb, resalt\u00f3 Del Castillo Savi\u00f1\u00f3n durante su participaci\u00f3n en el Foro.<\/span><\/p>\n<\/p>\n<p><span class=\"text1noticias\">Dijo que un comportamiento similar se ha registrado en la demanda de bienes dominicanos desde pa\u00edses fuera del \u00e1rea de tratados hacia los cuales el crecimiento absoluto de las exportaciones ha sido del orden de los US$ 500.9 millones al comparar los resultados del primer semestre de 2012 y 2013.<\/span><\/p>\n<\/p>\n<p><span class=\"text1noticias\">El titular del MIC destac\u00f3 como importante los esfuerzos p\u00fablico-privados y de la sociedad civil el impulsar cambios en la acci\u00f3n y en resultados.<\/span><\/p>\n<\/p>\n<p><span class=\"text1noticias\">La actividad fue coordinada por el MEPyD desde el encuentro de m\u00e1s de 170 participantes del sector p\u00fablico y privado y de la sociedad civil y el involucramiento de los ministerios de Industria, de la Presidencia y el Consejo Nacional de Competitividad.<\/span><\/p>\n<\/p>\n<p><span class=\"text1noticias\">El evento se celebr\u00f3 en el Sal\u00f3n Verde del Palacio Nacional con un discurso de bienvenida del ministro de Econom\u00eda, Planificaci\u00f3n y Desarrollo, Tem\u00edstocles Mont\u00e1s, con representantes de los pa\u00edses del Caribe y de los ministerios de Hacienda, Obras P\u00fablicas e  Industria y Comercio, as\u00ed como del Ministro sin Cartera, Antonio Isa Conde, asesor del Poder Ejecutivo en Pol\u00edticas para el Desarrollo.<\/span><\/p>\n<\/p>\n<p><span class=\"text1noticias\">El Foro cont\u00f3 con los auspicios del Banco Mundial, del Banco Interamericano de Desarrollo (BID), Compete Caribe\u00f1a, el Banco Caribe\u00f1o de Desarrollo (CDD) y la Uni\u00f3n Europea, as\u00ed como  de varios ministerios, directores de entidades gubernamentales y de representantes de gremios empresariales como tambi\u00e9n de organizaciones de la sociedad civil.<\/span><\/p>\n<\/p>\n<p><span class=\"text1noticias\">En el Foro se identificaron m\u00e1s de 80 acciones concretas que est\u00e1n siendo impulsadas por 17 ministerios y 30 puntos focales designados por el gobierno para mejorar el clima de inversi\u00f3n, la educaci\u00f3n, la competitividad y generar empleo con mayor remuneraci\u00f3n. Se trata de una iniciativa a dos a\u00f1os destinada a promover el crecimiento sostenible y las oportunidades para todo el Caribe.(HG)<\/span>.<\/p>\n<h6> 2013-12-05 18:43:15 <\/h6>\n<p><!--\n<link rel=\"stylesheet\" href=\"css\/bootstrap.min.css\">\n\n\n<ul class=\"pagination\">\n\t    \n\t\n\n<li >\n\t<a href='?page_no=14155'>Previous<\/a>\n\t<\/li>\n\n\n       \n    \n\n<li><a href='?page_no=1'>1<\/a><\/li>\n\n\n\n<li><a href='?page_no=2'>2<\/a><\/li>\n\n\n\n<li><a>...<\/a><\/li>\n\n\n\n<li><a href='?page_no=14154'>14154<\/a><\/li>\n\n\n\n<li><a href='?page_no=14155'>14155<\/a><\/li>\n\n\n\n<li class='active'><a>14156<\/a><\/li>\n\n\n\n<li><a href='?page_no=14157'>14157<\/a><\/li>\n\n\n\n<li><a href='?page_no=14158'>14158<\/a><\/li>\n\n\n\n<li><a>...<\/a><\/li>\n\n\n\n<li><a href='?page_no=30472'>30472<\/a><\/li>\n\n\n\n<li><a href='?page_no=30473'>30473<\/a><\/li>\n\n    \n\t\n\n<li >\n\t<a href='?page_no=14157'>Next<\/a>\n\t<\/li>\n\n\n    \n\n<li><a href='?page_no=30473'>Last &rsaquo;&rsaquo;<\/a><\/li>\n\n<\/ul>\n\n\n--><br \/>\n<\/body><\/p>\n","protected":false},"excerpt":{"rendered":"<p>Santo Domingo, RD, 5 de Diciembre.-El ministro de Industria y Comercio, Jos\u00e9 Del Castillo Savi\u00f1\u00f3n, declar\u00f3 ante el Foro para el Crecimiento del Caribe (FCC), que si bien es cierto que persisten algunos retos importantes para el progreso de la competitividad del pa\u00eds, el Gobierno tiene un firme compromiso con mejorar la misma. Manifest\u00f3 que [&hellip;]<\/p>\n","protected":false},"author":3,"featured_media":0,"comment_status":"open","ping_status":"open","sticky":false,"template":"","format":"standard","meta":{"footnotes":""},"categories":[18],"tags":[],"class_list":["post-98616","post","type-post","status-publish","format-standard","hentry","category-economia"],"_links":{"self":[{"href":"https:\/\/diariodominicano.com\/index.php?rest_route=\/wp\/v2\/posts\/98616","targetHints":{"allow":["GET"]}}],"collection":[{"href":"https:\/\/diariodominicano.com\/index.php?rest_route=\/wp\/v2\/posts"}],"about":[{"href":"https:\/\/diariodominicano.com\/index.php?rest_route=\/wp\/v2\/types\/post"}],"author":[{"embeddable":true,"href":"https:\/\/diariodominicano.com\/index.php?rest_route=\/wp\/v2\/users\/3"}],"replies":[{"embeddable":true,"href":"https:\/\/diariodominicano.com\/index.php?rest_route=%2Fwp%2Fv2%2Fcomments&post=98616"}],"version-history":[{"count":0,"href":"https:\/\/diariodominicano.com\/index.php?rest_route=\/wp\/v2\/posts\/98616\/revisions"}],"wp:attachment":[{"href":"https:\/\/diariodominicano.com\/index.php?rest_route=%2Fwp%2Fv2%2Fmedia&parent=98616"}],"wp:term":[{"taxonomy":"category","embeddable":true,"href":"https:\/\/diariodominicano.com\/index.php?rest_route=%2Fwp%2Fv2%2Fcategories&post=98616"},{"taxonomy":"post_tag","embeddable":true,"href":"https:\/\/diariodominicano.com\/index.php?rest_route=%2Fwp%2Fv2%2Ftags&post=98616"}],"curies":[{"name":"wp","href":"https:\/\/api.w.org\/{rel}","templated":true}]}}