{"id":98615,"date":"2013-12-05T18:55:00","date_gmt":"2013-12-05T18:55:00","guid":{"rendered":"http:\/\/diariodominicano.ddns.net\/?p=98615"},"modified":"2013-12-05T18:55:00","modified_gmt":"2013-12-05T18:55:00","slug":"paises-centroamericanos-analizan-en-rd-situacion-del-mercado-de-la-caficultura-en-la-region","status":"publish","type":"post","link":"https:\/\/diariodominicano.com\/?p=98615","title":{"rendered":"Pa\u00edses centroamericanos analizan en RD situaci\u00f3n del mercado de la caficultura en la regi\u00f3n&#13;"},"content":{"rendered":"<p><body><\/p>\n<p><img decoding=\"async\" src=\"img3\/codocafe.jpg\" \/>  <\/p>\n<p><span class=\"text1noticias\">Santo  Domingo, RD, 5 de Diciembre.-Delegaciones t\u00e9cnicas de once  pa\u00edses  discuten en Rep\u00fablica Dominicana,   durante cinco d\u00edas, una estrategia regional para  enfrentar los efectos del cambio clim\u00e1tico en la caficultura y lograr un mejor mercado para la producci\u00f3n de caf\u00e9 de la zona.<\/span><\/p>\n<p><span class=\"text1noticias\"> <\/span><\/p>\n<p><span class=\"text1noticias\">La reuni\u00f3n ordinaria fue encabezada  por el Consejo Directivo del Programa Cooperativo Regional para el Desarrollo Tecnol\u00f3gico y Modernizaci\u00f3n de la Caficultura (PROMECAFE), con la participaci\u00f3n del Ministerio de Agricultura y el Consejo Dominicano del Caf\u00e9 (CODOCAFE), que dirige Jos\u00e9 Ferm\u00edn N\u00fa\u00f1ez.<\/span><\/p>\n<\/p>\n<p><span class=\"text1noticias\">El inicio de los trabajos   fue encabezado por el viceministro Luis Yang\u00fcela Cana\u00e1n, en representaci\u00f3n del ministro de Agricultura,  Luis Ram\u00f3n  Rodr\u00edguez,  quien manifest\u00f3  su respaldo a  los trabajos que se realizan en beneficio  de la caficultura de la regi\u00f3n.<\/span><\/p>\n<\/p>\n<p><span class=\"text1noticias\">Yang\u00fcela Cana\u00e1n dijo esperar que los  resultados de esa reuni\u00f3n  ordinaria del PROMECAFE  arrojen beneficios para la  caficultura de la regi\u00f3n, en  especial que impacten  positivamente en el mejoramiento  de las condiciones de vida de los caficultores.<\/span><\/p>\n<\/p>\n<p><span class=\"text1noticias\">Dijo que el presidente de la Rep\u00fablica, Danilo Medina, ha trazado la ruta a las autoridades agropecuarias   para que se involucren sin reservas ni desmayo a favor de los caficultores, a los fines de superar su condici\u00f3n de pobreza.<\/span><\/p>\n<\/p>\n<p><span class=\"text1noticias\">Entre los temas de la agenda figura la exploraci\u00f3n de fuentes de financiamiento para apoyar a los productores de  caf\u00e9  con el prop\u00f3sito de mitigar las necesidades  originadas por las p\u00e9rdidas significativas que han registrado.<\/span><\/p>\n<\/p>\n<p><span class=\"text1noticias\">Igualmente, profundizaci\u00f3n del sistema investigativo, con el objetivo de buscar opciones para hacer frente a los problemas de la Roya y la Broca del Cafeto, que est\u00e1n  afectando las plantaciones del grano arom\u00e1tico.<\/span><\/p>\n<\/p>\n<p><span class=\"text1noticias\">Las secciones de trabajo cuentan con la participaci\u00f3n de M\u00e9xico, Costa Rica, Panam\u00e1, Belice, Jamaica, Per\u00fa, El Salvador, Honduras, Guatemala, Espa\u00f1a y Rep\u00fablica Dominicana,  como pa\u00eds anfitri\u00f3n.<\/span><\/p>\n<\/p>\n<p><span class=\"text1noticias\">La conducci\u00f3n de los trabajos est\u00e1 a cargo del presidente de PROMECAFE, Nils  Leporowski, quien destac\u00f3 la importancia de estas reuniones  entre los pa\u00edses  centroamericanos.<\/span><\/p>\n<\/p>\n<p><span class=\"text1noticias\">El PROMECAFE es una red de investigaci\u00f3n  y cooperaci\u00f3n, formado por las instituciones de caf\u00e9 de Guatemala, El Salvador,  Honduras,  Costa Rica, Panam\u00e1, Jamaica, y Rep\u00fablica Dominicana.,<\/span><\/p>\n<\/p>\n<p><span class=\"text1noticias\">El encuentro   concluye  este viernes, e incluye  una visita de campo a las instalaciones  torrefactora y procesadora de caf\u00e9  Hato del Yaque, de los hermanos Ram\u00edrez, en Jarabacoa, provincia La Vega.(HG)<\/span>. <\/p>\n<h6> 2013-12-05 18:55:00 <\/h6>\n<p><!--\n<link rel=\"stylesheet\" href=\"css\/bootstrap.min.css\">\n\n\n<ul class=\"pagination\">\n\t    \n\t\n\n<li >\n\t<a href='?page_no=14154'>Previous<\/a>\n\t<\/li>\n\n\n       \n    \n\n<li><a href='?page_no=1'>1<\/a><\/li>\n\n\n\n<li><a href='?page_no=2'>2<\/a><\/li>\n\n\n\n<li><a>...<\/a><\/li>\n\n\n\n<li><a href='?page_no=14153'>14153<\/a><\/li>\n\n\n\n<li><a href='?page_no=14154'>14154<\/a><\/li>\n\n\n\n<li class='active'><a>14155<\/a><\/li>\n\n\n\n<li><a href='?page_no=14156'>14156<\/a><\/li>\n\n\n\n<li><a href='?page_no=14157'>14157<\/a><\/li>\n\n\n\n<li><a>...<\/a><\/li>\n\n\n\n<li><a href='?page_no=30472'>30472<\/a><\/li>\n\n\n\n<li><a href='?page_no=30473'>30473<\/a><\/li>\n\n    \n\t\n\n<li >\n\t<a href='?page_no=14156'>Next<\/a>\n\t<\/li>\n\n\n    \n\n<li><a href='?page_no=30473'>Last &rsaquo;&rsaquo;<\/a><\/li>\n\n<\/ul>\n\n\n--><br \/>\n<\/body><\/p>\n","protected":false},"excerpt":{"rendered":"<p>Santo Domingo, RD, 5 de Diciembre.-Delegaciones t\u00e9cnicas de once pa\u00edses discuten en Rep\u00fablica Dominicana, durante cinco d\u00edas, una estrategia regional para enfrentar los efectos del cambio clim\u00e1tico en la caficultura y lograr un mejor mercado para la producci\u00f3n de caf\u00e9 de la zona. La reuni\u00f3n ordinaria fue encabezada por el Consejo Directivo del Programa Cooperativo [&hellip;]<\/p>\n","protected":false},"author":3,"featured_media":0,"comment_status":"open","ping_status":"open","sticky":false,"template":"","format":"standard","meta":{"footnotes":""},"categories":[18],"tags":[],"class_list":["post-98615","post","type-post","status-publish","format-standard","hentry","category-economia"],"_links":{"self":[{"href":"https:\/\/diariodominicano.com\/index.php?rest_route=\/wp\/v2\/posts\/98615","targetHints":{"allow":["GET"]}}],"collection":[{"href":"https:\/\/diariodominicano.com\/index.php?rest_route=\/wp\/v2\/posts"}],"about":[{"href":"https:\/\/diariodominicano.com\/index.php?rest_route=\/wp\/v2\/types\/post"}],"author":[{"embeddable":true,"href":"https:\/\/diariodominicano.com\/index.php?rest_route=\/wp\/v2\/users\/3"}],"replies":[{"embeddable":true,"href":"https:\/\/diariodominicano.com\/index.php?rest_route=%2Fwp%2Fv2%2Fcomments&post=98615"}],"version-history":[{"count":0,"href":"https:\/\/diariodominicano.com\/index.php?rest_route=\/wp\/v2\/posts\/98615\/revisions"}],"wp:attachment":[{"href":"https:\/\/diariodominicano.com\/index.php?rest_route=%2Fwp%2Fv2%2Fmedia&parent=98615"}],"wp:term":[{"taxonomy":"category","embeddable":true,"href":"https:\/\/diariodominicano.com\/index.php?rest_route=%2Fwp%2Fv2%2Fcategories&post=98615"},{"taxonomy":"post_tag","embeddable":true,"href":"https:\/\/diariodominicano.com\/index.php?rest_route=%2Fwp%2Fv2%2Ftags&post=98615"}],"curies":[{"name":"wp","href":"https:\/\/api.w.org\/{rel}","templated":true}]}}