{"id":98613,"date":"2013-12-05T19:39:10","date_gmt":"2013-12-05T19:39:10","guid":{"rendered":"http:\/\/diariodominicano.ddns.net\/?p=98613"},"modified":"2013-12-05T19:39:10","modified_gmt":"2013-12-05T19:39:10","slug":"embajada-de-israel-contempla-en-agricultura-y-energia","status":"publish","type":"post","link":"https:\/\/diariodominicano.com\/?p=98613","title":{"rendered":"Embajada de Israel contempla en agricultura y energ\u00eda"},"content":{"rendered":"<p><body><\/p>\n<p><img decoding=\"async\" src=\"img3\/energia.jpg\" \/>  <\/p>\n<p><span class=\"text1noticias\">San Crist\u00f3bal, RD, 5 de Diciembre.-El embajador de Israel gobernador Julio Cesar D\u00edaz recibi\u00f3 una visita de cortes\u00eda del honorable embajador de Israel, se\u00f1or Bahij Mansour, acompa\u00f1ado de su esposa la se\u00f1ora Nora Mansour y  otros funcionarios representantes de esa  misi\u00f3n.<\/span><\/p>\n<\/p>\n<p><span class=\"text1noticias\">Mansour anunci\u00f3 que su pa\u00eds contempla fomentar acuerdos bitilaterales en procura de fortalecer la agricultura en el pa\u00eds, de manera espec\u00edfica en esta provincia.<\/span><\/p>\n<\/p>\n<p><span class=\"text1noticias\">Dijo que tambi\u00e9n, estudian la posibilidad de hacer importantes inversiones en el \u00e1rea de producci\u00f3n de energ\u00eda renovable.<\/span><\/p>\n<\/p>\n<p><span class=\"text1noticias\">\u00abNuestro pa\u00eds ha mostrado importantes avances en la agricultura, con la implantaci\u00f3n del sistema agr\u00edcola de irrigaci\u00f3n por goteo y nos gustar\u00eda compartir esas experiencias con la Rep\u00fablica Dominicana\u00bb, dijo Bahij Mansour.<\/span><\/p>\n<p><span class=\"text1noticias\"> <\/span><\/p>\n<p><span class=\"text1noticias\">El diplom\u00e1tico expres\u00f3 adem\u00e1s que su pa\u00eds no solo est\u00e1 interesado en el fomento de nuevas pol\u00edticas para la producci\u00f3n agr\u00edcola, sino que Israel posee un amplio programa para la producci\u00f3n de energ\u00eda renovable, a trav\u00e9s de paneles solares sin contaminaci\u00f3n.<\/span><\/p>\n<\/p>\n<p><span class=\"text1noticias\">De su lado el gobernador Julio Cesar D\u00edaz se mostro complacido con la visita, al tiempo que valor\u00f3 como muy positiva los palanes de la embajada Israel\u00ed, para con la Rep\u00fablica Dominicana.<\/span><\/p>\n<\/p>\n<p><span class=\"text1noticias\">\u00abYa la Rep\u00fablica Dominicana e Israel tienen muy buenas relaciones y este tipo de iniciativas las fortalece aun mas\u00bb, expreso D\u00edaz.<\/span><\/p>\n<\/p>\n<p><span class=\"text1noticias\">De la misi\u00f3n israel\u00ed parte tambi\u00e9n la periodista Johanny Zapata, directora de Relaciones Publicas de la Embajada de ese pa\u00eds.(HG)<\/span>.<\/p>\n<h6> 2013-12-05 19:39:10 <\/h6>\n<p><!--\n<link rel=\"stylesheet\" href=\"css\/bootstrap.min.css\">\n\n\n<ul class=\"pagination\">\n\t    \n\t\n\n<li >\n\t<a href='?page_no=14152'>Previous<\/a>\n\t<\/li>\n\n\n       \n    \n\n<li><a href='?page_no=1'>1<\/a><\/li>\n\n\n\n<li><a href='?page_no=2'>2<\/a><\/li>\n\n\n\n<li><a>...<\/a><\/li>\n\n\n\n<li><a href='?page_no=14151'>14151<\/a><\/li>\n\n\n\n<li><a href='?page_no=14152'>14152<\/a><\/li>\n\n\n\n<li class='active'><a>14153<\/a><\/li>\n\n\n\n<li><a href='?page_no=14154'>14154<\/a><\/li>\n\n\n\n<li><a href='?page_no=14155'>14155<\/a><\/li>\n\n\n\n<li><a>...<\/a><\/li>\n\n\n\n<li><a href='?page_no=30472'>30472<\/a><\/li>\n\n\n\n<li><a href='?page_no=30473'>30473<\/a><\/li>\n\n    \n\t\n\n<li >\n\t<a href='?page_no=14154'>Next<\/a>\n\t<\/li>\n\n\n    \n\n<li><a href='?page_no=30473'>Last &rsaquo;&rsaquo;<\/a><\/li>\n\n<\/ul>\n\n\n--><br \/>\n<\/body><\/p>\n","protected":false},"excerpt":{"rendered":"<p>San Crist\u00f3bal, RD, 5 de Diciembre.-El embajador de Israel gobernador Julio Cesar D\u00edaz recibi\u00f3 una visita de cortes\u00eda del honorable embajador de Israel, se\u00f1or Bahij Mansour, acompa\u00f1ado de su esposa la se\u00f1ora Nora Mansour y otros funcionarios representantes de esa misi\u00f3n. Mansour anunci\u00f3 que su pa\u00eds contempla fomentar acuerdos bitilaterales en procura de fortalecer la [&hellip;]<\/p>\n","protected":false},"author":3,"featured_media":0,"comment_status":"open","ping_status":"open","sticky":false,"template":"","format":"standard","meta":{"footnotes":""},"categories":[18],"tags":[],"class_list":["post-98613","post","type-post","status-publish","format-standard","hentry","category-economia"],"_links":{"self":[{"href":"https:\/\/diariodominicano.com\/index.php?rest_route=\/wp\/v2\/posts\/98613","targetHints":{"allow":["GET"]}}],"collection":[{"href":"https:\/\/diariodominicano.com\/index.php?rest_route=\/wp\/v2\/posts"}],"about":[{"href":"https:\/\/diariodominicano.com\/index.php?rest_route=\/wp\/v2\/types\/post"}],"author":[{"embeddable":true,"href":"https:\/\/diariodominicano.com\/index.php?rest_route=\/wp\/v2\/users\/3"}],"replies":[{"embeddable":true,"href":"https:\/\/diariodominicano.com\/index.php?rest_route=%2Fwp%2Fv2%2Fcomments&post=98613"}],"version-history":[{"count":0,"href":"https:\/\/diariodominicano.com\/index.php?rest_route=\/wp\/v2\/posts\/98613\/revisions"}],"wp:attachment":[{"href":"https:\/\/diariodominicano.com\/index.php?rest_route=%2Fwp%2Fv2%2Fmedia&parent=98613"}],"wp:term":[{"taxonomy":"category","embeddable":true,"href":"https:\/\/diariodominicano.com\/index.php?rest_route=%2Fwp%2Fv2%2Fcategories&post=98613"},{"taxonomy":"post_tag","embeddable":true,"href":"https:\/\/diariodominicano.com\/index.php?rest_route=%2Fwp%2Fv2%2Ftags&post=98613"}],"curies":[{"name":"wp","href":"https:\/\/api.w.org\/{rel}","templated":true}]}}