{"id":98611,"date":"2013-12-05T19:52:31","date_gmt":"2013-12-05T19:52:31","guid":{"rendered":"http:\/\/diariodominicano.ddns.net\/?p=98611"},"modified":"2013-12-05T19:52:31","modified_gmt":"2013-12-05T19:52:31","slug":"air-europa-inicia-vuelos-entre-madrid-y-la-romana","status":"publish","type":"post","link":"https:\/\/diariodominicano.com\/?p=98611","title":{"rendered":"Air Europa inicia vuelos entre Madrid y La Romana"},"content":{"rendered":"<p><body><\/p>\n<p><img decoding=\"async\" src=\"img3\/vuelos.jpg\" \/>  <\/p>\n<p><span class=\"text1noticias\"> La Romana, RD, 5 de Diciembre, CICOM.- La aerol\u00ednea Air Europa inici\u00f3 dos vuelos semanales, lunes y s\u00e1bado, desde Madrid (MAD), al Aeropuerto Internacional de La Romana, Casa de Campo (LMR). Con estos la empresa aumenta a 12 sus vuelos semanales a los aeropuertos de la Rep\u00fablica Dominicana.<\/span><\/p>\n<\/p>\n<p><span class=\"text1noticias\">Actualmente Air Europa realiza un vuelo diario desde Madrid al Aeropuerto Internacional de Las Am\u00e9ricas, tres vuelos semanales al Aeropuerto Internacional Punta Cana y ahora dos a La Romana, que parten a las 16:00 horas desde la capital espa\u00f1ola y a las 22.00 horas desde La Romana.<\/span><\/p>\n<\/p>\n<p><span class=\"text1noticias\">En sus palabras de bienvenida el Administrador del Aeropuerto Internacional de La Romana, Luis Emilio Rodr\u00edguez Amiama, destac\u00f3 que la estrat\u00e9gica ubicaci\u00f3n de esa terminal en la regi\u00f3n Este, contribuir\u00e1 a estimular la llegada de turistas.<\/span><\/p>\n<\/p>\n<p><span class=\"text1noticias\">Dijo que el aeropuerto recibe con gran satisfacci\u00f3n los dos nuevos vuelos de Air Europa y tanto los pasajeros como los tripulantes de las aeronaves recibir\u00e1n una atenci\u00f3n esmerada y servicios en tierra de primer\u00edsima calidad.<\/span><\/p>\n<\/p>\n<p><span class=\"text1noticias\">Francisco-Paco-P\u00e9rez, Director Regional para el \u00e1rea del Caribe de Air Europa, explic\u00f3 que se emplear\u00e1n aviones Airbus 333-300, considerado una de las joyas de la aeron\u00e1utica moderna, tanto por la alta tecnolog\u00eda a bordo como por su dise\u00f1o interior, que se traduce en asientos mas c\u00f3modos y un generoso espacio entre pasillos, con una capacidad de 388 plazas en clase turista.<\/span><\/p>\n<\/p>\n<p><span class=\"text1noticias\">Asegur\u00f3 que Air Europa y su casa matriz el Grupo Globalia, est\u00e1n comprometidos con el desarrollo tur\u00edstico de la Rep\u00fablica Dominicana, que actualmente es uno de sus principales destino de inversi\u00f3n fuera de Espa\u00f1a. \u00abResponderemos siempre a las necesidades de crecimiento tur\u00edstico y estos dos vuelos a La Romana son una muestra de esta disposici\u00f3n a asociarnos con el pa\u00eds\u00bb, afirm\u00f3.<\/span><\/p>\n<h6> 2013-12-05 19:52:31 <\/h6>\n<p><!--\n<link rel=\"stylesheet\" href=\"css\/bootstrap.min.css\">\n\n\n<ul class=\"pagination\">\n\t    \n\t\n\n<li >\n\t<a href='?page_no=14150'>Previous<\/a>\n\t<\/li>\n\n\n       \n    \n\n<li><a href='?page_no=1'>1<\/a><\/li>\n\n\n\n<li><a href='?page_no=2'>2<\/a><\/li>\n\n\n\n<li><a>...<\/a><\/li>\n\n\n\n<li><a href='?page_no=14149'>14149<\/a><\/li>\n\n\n\n<li><a href='?page_no=14150'>14150<\/a><\/li>\n\n\n\n<li class='active'><a>14151<\/a><\/li>\n\n\n\n<li><a href='?page_no=14152'>14152<\/a><\/li>\n\n\n\n<li><a href='?page_no=14153'>14153<\/a><\/li>\n\n\n\n<li><a>...<\/a><\/li>\n\n\n\n<li><a href='?page_no=30472'>30472<\/a><\/li>\n\n\n\n<li><a href='?page_no=30473'>30473<\/a><\/li>\n\n    \n\t\n\n<li >\n\t<a href='?page_no=14152'>Next<\/a>\n\t<\/li>\n\n\n    \n\n<li><a href='?page_no=30473'>Last &rsaquo;&rsaquo;<\/a><\/li>\n\n<\/ul>\n\n\n--><br \/>\n<\/body><\/p>\n","protected":false},"excerpt":{"rendered":"<p>La Romana, RD, 5 de Diciembre, CICOM.- La aerol\u00ednea Air Europa inici\u00f3 dos vuelos semanales, lunes y s\u00e1bado, desde Madrid (MAD), al Aeropuerto Internacional de La Romana, Casa de Campo (LMR). Con estos la empresa aumenta a 12 sus vuelos semanales a los aeropuertos de la Rep\u00fablica Dominicana. Actualmente Air Europa realiza un vuelo diario [&hellip;]<\/p>\n","protected":false},"author":3,"featured_media":0,"comment_status":"open","ping_status":"open","sticky":false,"template":"","format":"standard","meta":{"footnotes":""},"categories":[18],"tags":[],"class_list":["post-98611","post","type-post","status-publish","format-standard","hentry","category-economia"],"_links":{"self":[{"href":"https:\/\/diariodominicano.com\/index.php?rest_route=\/wp\/v2\/posts\/98611","targetHints":{"allow":["GET"]}}],"collection":[{"href":"https:\/\/diariodominicano.com\/index.php?rest_route=\/wp\/v2\/posts"}],"about":[{"href":"https:\/\/diariodominicano.com\/index.php?rest_route=\/wp\/v2\/types\/post"}],"author":[{"embeddable":true,"href":"https:\/\/diariodominicano.com\/index.php?rest_route=\/wp\/v2\/users\/3"}],"replies":[{"embeddable":true,"href":"https:\/\/diariodominicano.com\/index.php?rest_route=%2Fwp%2Fv2%2Fcomments&post=98611"}],"version-history":[{"count":0,"href":"https:\/\/diariodominicano.com\/index.php?rest_route=\/wp\/v2\/posts\/98611\/revisions"}],"wp:attachment":[{"href":"https:\/\/diariodominicano.com\/index.php?rest_route=%2Fwp%2Fv2%2Fmedia&parent=98611"}],"wp:term":[{"taxonomy":"category","embeddable":true,"href":"https:\/\/diariodominicano.com\/index.php?rest_route=%2Fwp%2Fv2%2Fcategories&post=98611"},{"taxonomy":"post_tag","embeddable":true,"href":"https:\/\/diariodominicano.com\/index.php?rest_route=%2Fwp%2Fv2%2Ftags&post=98611"}],"curies":[{"name":"wp","href":"https:\/\/api.w.org\/{rel}","templated":true}]}}