{"id":98610,"date":"2013-12-05T19:57:55","date_gmt":"2013-12-05T19:57:55","guid":{"rendered":"http:\/\/diariodominicano.ddns.net\/?p=98610"},"modified":"2013-12-05T19:57:55","modified_gmt":"2013-12-05T19:57:55","slug":"adie-apoya-instalacion-de-plantas-a-carbon","status":"publish","type":"post","link":"https:\/\/diariodominicano.com\/?p=98610","title":{"rendered":"ADIE apoya instalaci\u00f3n de plantas a carb\u00f3n"},"content":{"rendered":"<p><body><\/p>\n<p><span class=\"text1noticias\">Santo Domingo, RD, 5 de Diciembre.-El vicepresidente ejecutivo de la Asociaci\u00f3n Dominicana de la Industria El\u00e9ctrica (ADIE), ingeniero Milton M\u00f3rrison asegur\u00f3 que ese sector respalda la decisi\u00f3n del gobierno de instalar dos plantas a carb\u00f3n de 300 megavatios cada una en la provincia Peravia.<\/span><\/p>\n<\/p>\n<p><span class=\"text1noticias\">Sin embargo, se\u00f1al\u00f3, al participar en el programa Energ\u00eda TV, que el Gobierno tiene que atacar otros puntos importantes del sector el\u00e9ctrico con la misma celeridad con que viene actuando con las dos plantas de carb\u00f3n en Punta Catalina, Ban\u00ed.<\/span><\/p>\n<\/p>\n<p><span class=\"text1noticias\">\u00abNosotros entendemos que el Estado es soberano en tomar cualquier tipo de decisi\u00f3n en el sector el\u00e9ctrico\u00bb, preciso.<\/span><\/p>\n<\/p>\n<p><span class=\"text1noticias\">M\u00f3rrison expres\u00f3  el deseo de que \u00abel proceso de licitaci\u00f3n que se ha abierto concluya exitosamente y en los plazos previstos\u00bb.<\/span><\/p>\n<\/p>\n<p><span class=\"text1noticias\">Subray\u00f3 que la instalaci\u00f3n de las dos plantas a carb\u00f3n permite aumentar la capacidad de expansi\u00f3n de la generaci\u00f3n del parque energ\u00e9tico nacional.<\/span><\/p>\n<\/p>\n<p><span class=\"text1noticias\">Consider\u00f3 que el sector privado tiene las condiciones para participar en ese tipo de inversiones, sobre todo empresas internacionales que manejan ese tipo de proceso de construcci\u00f3n de unidades energ\u00e9tica.<\/span><\/p>\n<\/p>\n<p><span class=\"text1noticias\">Favoreci\u00f3 que el Estado enfrente las p\u00e9rdidas en las redes de transmisi\u00f3n de energ\u00eda con la misma rapidez con que ha actuado para la construcci\u00f3n de las plantas a carb\u00f3n.<\/span><\/p>\n<\/p>\n<p><span class=\"text1noticias\">Indic\u00f3 que hay p\u00e9rdidas que no necesariamente est\u00e1n vinculadas a las malas condiciones de las redes que manejan las distribuidoras de electricidad.<\/span><\/p>\n<\/p>\n<p><span class=\"text1noticias\">M\u00f3rrison dijo que las p\u00e9rdidas en las redes de distribuci\u00f3n representan un monto de 70 millones de d\u00f3lares mensuales, equivalentes a 3 mil millones de pesos.(HG)<\/span>.<\/p>\n<\/p>\n<h6> 2013-12-05 19:57:55 <\/h6>\n<p><!--\n<link rel=\"stylesheet\" href=\"css\/bootstrap.min.css\">\n\n\n<ul class=\"pagination\">\n\t    \n\t\n\n<li >\n\t<a href='?page_no=14149'>Previous<\/a>\n\t<\/li>\n\n\n       \n    \n\n<li><a href='?page_no=1'>1<\/a><\/li>\n\n\n\n<li><a href='?page_no=2'>2<\/a><\/li>\n\n\n\n<li><a>...<\/a><\/li>\n\n\n\n<li><a href='?page_no=14148'>14148<\/a><\/li>\n\n\n\n<li><a href='?page_no=14149'>14149<\/a><\/li>\n\n\n\n<li class='active'><a>14150<\/a><\/li>\n\n\n\n<li><a href='?page_no=14151'>14151<\/a><\/li>\n\n\n\n<li><a href='?page_no=14152'>14152<\/a><\/li>\n\n\n\n<li><a>...<\/a><\/li>\n\n\n\n<li><a href='?page_no=30472'>30472<\/a><\/li>\n\n\n\n<li><a href='?page_no=30473'>30473<\/a><\/li>\n\n    \n\t\n\n<li >\n\t<a href='?page_no=14151'>Next<\/a>\n\t<\/li>\n\n\n    \n\n<li><a href='?page_no=30473'>Last &rsaquo;&rsaquo;<\/a><\/li>\n\n<\/ul>\n\n\n--><br \/>\n<\/body><\/p>\n","protected":false},"excerpt":{"rendered":"<p>Santo Domingo, RD, 5 de Diciembre.-El vicepresidente ejecutivo de la Asociaci\u00f3n Dominicana de la Industria El\u00e9ctrica (ADIE), ingeniero Milton M\u00f3rrison asegur\u00f3 que ese sector respalda la decisi\u00f3n del gobierno de instalar dos plantas a carb\u00f3n de 300 megavatios cada una en la provincia Peravia. Sin embargo, se\u00f1al\u00f3, al participar en el programa Energ\u00eda TV, que [&hellip;]<\/p>\n","protected":false},"author":3,"featured_media":0,"comment_status":"open","ping_status":"open","sticky":false,"template":"","format":"standard","meta":{"footnotes":""},"categories":[18],"tags":[],"class_list":["post-98610","post","type-post","status-publish","format-standard","hentry","category-economia"],"_links":{"self":[{"href":"https:\/\/diariodominicano.com\/index.php?rest_route=\/wp\/v2\/posts\/98610","targetHints":{"allow":["GET"]}}],"collection":[{"href":"https:\/\/diariodominicano.com\/index.php?rest_route=\/wp\/v2\/posts"}],"about":[{"href":"https:\/\/diariodominicano.com\/index.php?rest_route=\/wp\/v2\/types\/post"}],"author":[{"embeddable":true,"href":"https:\/\/diariodominicano.com\/index.php?rest_route=\/wp\/v2\/users\/3"}],"replies":[{"embeddable":true,"href":"https:\/\/diariodominicano.com\/index.php?rest_route=%2Fwp%2Fv2%2Fcomments&post=98610"}],"version-history":[{"count":0,"href":"https:\/\/diariodominicano.com\/index.php?rest_route=\/wp\/v2\/posts\/98610\/revisions"}],"wp:attachment":[{"href":"https:\/\/diariodominicano.com\/index.php?rest_route=%2Fwp%2Fv2%2Fmedia&parent=98610"}],"wp:term":[{"taxonomy":"category","embeddable":true,"href":"https:\/\/diariodominicano.com\/index.php?rest_route=%2Fwp%2Fv2%2Fcategories&post=98610"},{"taxonomy":"post_tag","embeddable":true,"href":"https:\/\/diariodominicano.com\/index.php?rest_route=%2Fwp%2Fv2%2Ftags&post=98610"}],"curies":[{"name":"wp","href":"https:\/\/api.w.org\/{rel}","templated":true}]}}