{"id":98606,"date":"2013-12-05T21:21:20","date_gmt":"2013-12-05T21:21:20","guid":{"rendered":"http:\/\/diariodominicano.ddns.net\/?p=98606"},"modified":"2013-12-05T21:21:20","modified_gmt":"2013-12-05T21:21:20","slug":"adoexpo-otorgar-a-brugal-cia-maximo-galardon-premios-excelencia-exportadora","status":"publish","type":"post","link":"https:\/\/diariodominicano.com\/?p=98606","title":{"rendered":"&#13;&#13;ADOEXPO otorgar a Brugal &amp; Cia. m\u00e1ximo galard\u00f3n premios excelencia exportadora"},"content":{"rendered":"<p><body><\/p>\n<p><img decoding=\"async\" src=\"img3\/placa.jpg\" \/>  <\/p>\n<p><span class=\"text1noticias\">Santo Domingo, RD, 5 de Diciembre.-La Asociaci\u00f3n Dominicana de Exportadores (ADOEXPO) entreg\u00f3  los XXVII Premios a la Excelencia Exportadora, logrando Brugal &amp; Compa\u00f1\u00eda el m\u00e1ximo galard\u00f3n de Gran Exportador Dominicana, por su destacado desempe\u00f1o, crecimiento y apertura hacia nuevos mercados en el exterior.<\/span><\/p>\n<\/p>\n<p><span class=\"text1noticias\">\tLa ceremonia, que reuni\u00f3 en el Sal\u00f3n La Fiesta del Hotel Jaragua a directivos de ADOEXPO, funcionarios del \u00e1rea econ\u00f3mica, representantes de las principales entidades empresariales y miembros del cuerpo diplom\u00e1tico, tuvo efecto durante la tradicional Gran Cena de Exportador Dominicano.<\/span><\/p>\n<\/p>\n<p><span class=\"text1noticias\">Las palabras centrales estuvieron a cargo de Kai Schoenhals, presidente de ADOEXPO, quien encabez\u00f3 la actividad junto Jean Alain Rodr\u00edguez, director ejecutivo del Centro de Exportaci\u00f3n e Inversi\u00f3n (CEI-RD) y C\u00e9sar Dargam Espaillat, viceministro de Relaciones Exteriores para Asuntos Comerciales y Negociaciones Comerciales.<\/span><\/p>\n<\/p>\n<p><span class=\"text1noticias\">Asimismo, Alexandra Izquierdo, directora de Proindustria; Manuel Diez Cabral, presidente del Consejo Nacional de la Empresa Privada (CONEP); Ligia Bonetti, presidente de la Asociaci\u00f3n de Industrias (AIRD) y Luisa Fern\u00e1ndez, directora del Consejo Nacional de Zonas Francas.<\/span><\/p>\n<\/p>\n<p><span class=\"text1noticias\">El presidente de Brugal &amp; Compa\u00f1\u00eda, Augusto Ram\u00edrez, recibi\u00f3 la placa de \u00abGran Exportador Dominicano\u00bb, y un sello de excelencia exportadora dominicana en sus productos para los pr\u00f3ximos tres a\u00f1os, de manos de los se\u00f1ores Kai Schoenhals,  Jean Alain Rodr\u00edguez y Gabriel Roig.<\/span><\/p>\n<\/p>\n<p><span class=\"text1noticias\">En la categor\u00eda \u00abExcelencia Exportadora Agr\u00edcola\u00bb fue reconocida la empresa Dominican Tropical Fruits; en el \u00e1rea de \u00abServicios al Sector Exportador\u00bb la compa\u00f1\u00eda Seaboard Dominicana; y en la \u00abExcelencia Exportadora Industrial\u00bb se distingui\u00f3 a Cort\u00e9s Hermanos.<\/span><\/p>\n<\/p>\n<p><span class=\"text1noticias\">Mientras que en la \u00abExcelencia Exportadora en Zonas Francas\u00bb obtuvo el premio Cardinal Health y el reconocimiento a la gesti\u00f3n fue compartido entre Policarpio Medrano, del CEI-RD y Ligia Bonetti, presidente de la AIRD.<\/span><\/p>\n<\/p>\n<p><span class=\"text1noticias\">El se\u00f1or Schoenhals expres\u00f3 que como cada a\u00f1o ADOEXPO organiza estos galardones  con objetivos resaltar a las empresas que han sabido conquistar los mercados internacionales, con esfuerzo, dedicaci\u00f3n y talento.<\/span><\/p>\n<\/p>\n<p><span class=\"text1noticias\">\u00abCon la celebraci\u00f3n anual de estos galardones, ADOEXPO busca contribuir con los logros de la Estrategia Nacional de Desarrollo, como un instrumento \u00fatil para estimular el crecimiento econ\u00f3mico del pa\u00eds a trav\u00e9s de las exportaciones\u00bb, precis\u00f3 el dirigente empresarial.(HG)<\/span>.<\/p>\n<h6> 2013-12-05 21:21:20 <\/h6>\n<p><!--\n<link rel=\"stylesheet\" href=\"css\/bootstrap.min.css\">\n\n\n<ul class=\"pagination\">\n\t    \n\t\n\n<li >\n\t<a href='?page_no=14146'>Previous<\/a>\n\t<\/li>\n\n\n       \n    \n\n<li><a href='?page_no=1'>1<\/a><\/li>\n\n\n\n<li><a href='?page_no=2'>2<\/a><\/li>\n\n\n\n<li><a>...<\/a><\/li>\n\n\n\n<li><a href='?page_no=14145'>14145<\/a><\/li>\n\n\n\n<li><a href='?page_no=14146'>14146<\/a><\/li>\n\n\n\n<li class='active'><a>14147<\/a><\/li>\n\n\n\n<li><a href='?page_no=14148'>14148<\/a><\/li>\n\n\n\n<li><a href='?page_no=14149'>14149<\/a><\/li>\n\n\n\n<li><a>...<\/a><\/li>\n\n\n\n<li><a href='?page_no=30472'>30472<\/a><\/li>\n\n\n\n<li><a href='?page_no=30473'>30473<\/a><\/li>\n\n    \n\t\n\n<li >\n\t<a href='?page_no=14148'>Next<\/a>\n\t<\/li>\n\n\n    \n\n<li><a href='?page_no=30473'>Last &rsaquo;&rsaquo;<\/a><\/li>\n\n<\/ul>\n\n\n--><br \/>\n<\/body><\/p>\n","protected":false},"excerpt":{"rendered":"<p>Santo Domingo, RD, 5 de Diciembre.-La Asociaci\u00f3n Dominicana de Exportadores (ADOEXPO) entreg\u00f3 los XXVII Premios a la Excelencia Exportadora, logrando Brugal &amp; Compa\u00f1\u00eda el m\u00e1ximo galard\u00f3n de Gran Exportador Dominicana, por su destacado desempe\u00f1o, crecimiento y apertura hacia nuevos mercados en el exterior. La ceremonia, que reuni\u00f3 en el Sal\u00f3n La Fiesta del Hotel Jaragua [&hellip;]<\/p>\n","protected":false},"author":3,"featured_media":0,"comment_status":"open","ping_status":"open","sticky":false,"template":"","format":"standard","meta":{"footnotes":""},"categories":[18],"tags":[],"class_list":["post-98606","post","type-post","status-publish","format-standard","hentry","category-economia"],"_links":{"self":[{"href":"https:\/\/diariodominicano.com\/index.php?rest_route=\/wp\/v2\/posts\/98606","targetHints":{"allow":["GET"]}}],"collection":[{"href":"https:\/\/diariodominicano.com\/index.php?rest_route=\/wp\/v2\/posts"}],"about":[{"href":"https:\/\/diariodominicano.com\/index.php?rest_route=\/wp\/v2\/types\/post"}],"author":[{"embeddable":true,"href":"https:\/\/diariodominicano.com\/index.php?rest_route=\/wp\/v2\/users\/3"}],"replies":[{"embeddable":true,"href":"https:\/\/diariodominicano.com\/index.php?rest_route=%2Fwp%2Fv2%2Fcomments&post=98606"}],"version-history":[{"count":0,"href":"https:\/\/diariodominicano.com\/index.php?rest_route=\/wp\/v2\/posts\/98606\/revisions"}],"wp:attachment":[{"href":"https:\/\/diariodominicano.com\/index.php?rest_route=%2Fwp%2Fv2%2Fmedia&parent=98606"}],"wp:term":[{"taxonomy":"category","embeddable":true,"href":"https:\/\/diariodominicano.com\/index.php?rest_route=%2Fwp%2Fv2%2Fcategories&post=98606"},{"taxonomy":"post_tag","embeddable":true,"href":"https:\/\/diariodominicano.com\/index.php?rest_route=%2Fwp%2Fv2%2Ftags&post=98606"}],"curies":[{"name":"wp","href":"https:\/\/api.w.org\/{rel}","templated":true}]}}