{"id":98602,"date":"2013-12-06T14:34:50","date_gmt":"2013-12-06T14:34:50","guid":{"rendered":"http:\/\/diariodominicano.ddns.net\/?p=98602"},"modified":"2013-12-06T14:34:50","modified_gmt":"2013-12-06T14:34:50","slug":"presidente-del-conep-condiciona-relanzamiento-economia-en-2014-apuesta-a-reforma-codigo-laboral-pactos-electrico-y-educativo","status":"publish","type":"post","link":"https:\/\/diariodominicano.com\/?p=98602","title":{"rendered":"Presidente del Conep condiciona relanzamiento econom\u00eda en 2014; Apuesta a reforma C\u00f3digo Laboral, pactos el\u00e9ctrico y educativo"},"content":{"rendered":"<p><body><\/p>\n<p><img decoding=\"async\" src=\"img3\/conep 6.jpg\" \/>  <\/p>\n<p>Santo Domingo RD 6 diciembre.- El presidente del Consejo Nacional de la Empresas Privadas (Conep), Manuel Diez Cabral, expres\u00f3 este jueves que el pa\u00eds desaceler\u00f3 en el crecimiento, pero espera que el a\u00f1o 2014 se pueda trabajar con la modificaci\u00f3n  del C\u00f3digo Laboral, con los pactos por la educaci\u00f3n y fiscal, as\u00ed como con la reforma al sector el\u00e9ctrico, ya que dijo, \u00absin esto no se podr\u00e1 relanzar la econom\u00eda en el pa\u00eds\u00bb.<\/p>\n<\/p>\n<p>Sobre la sentencia 168-13 que emiti\u00f3 el Tribunal Constitucional que establece qui\u00e9nes son dominicanos, dijo que la misma lo que se busca es regularizar a los extranjeros, y que \u00abtenemos que ver la parte positiva, que es implementar reglas para esos fines\u00bb.<\/p>\n<\/p>\n<p>Sin embargo, dijo que hay que destacar que la sentencia del TC tiene una parte humana que es la que el pa\u00eds debe resolver. <\/p>\n<\/p>\n<p>Diez Cabral dio estas declaraciones durante la celebraci\u00f3n del 50 aniversario con un brindis navide\u00f1o que comparti\u00f3 con periodistas y comunicadores, a los que agradeci\u00f3 el apoyo ofrecido y les dese\u00f3 una feliz Navidad junto a sus familiares. <\/p>\n<\/p>\n<p>\u00abAgradezco el apoyo a los comunicadores en nombre del Comit\u00e9 Ejecutivo del CONEP\u00bb, expres\u00f3 Manuel Diez Cabral, en el marco de un brindis navide\u00f1o que organiz\u00f3 la organizaci\u00f3n que agrupa al sector empresarial, en el restaurante Caf\u00e9 Milano.<\/p>\n<\/p>\n<h6> 2013-12-06 14:34:50 <\/h6>\n<p><!--\n<link rel=\"stylesheet\" href=\"css\/bootstrap.min.css\">\n\n\n<ul class=\"pagination\">\n\t    \n\t\n\n<li >\n\t<a href='?page_no=14142'>Previous<\/a>\n\t<\/li>\n\n\n       \n    \n\n<li><a href='?page_no=1'>1<\/a><\/li>\n\n\n\n<li><a href='?page_no=2'>2<\/a><\/li>\n\n\n\n<li><a>...<\/a><\/li>\n\n\n\n<li><a href='?page_no=14141'>14141<\/a><\/li>\n\n\n\n<li><a href='?page_no=14142'>14142<\/a><\/li>\n\n\n\n<li class='active'><a>14143<\/a><\/li>\n\n\n\n<li><a href='?page_no=14144'>14144<\/a><\/li>\n\n\n\n<li><a href='?page_no=14145'>14145<\/a><\/li>\n\n\n\n<li><a>...<\/a><\/li>\n\n\n\n<li><a href='?page_no=30472'>30472<\/a><\/li>\n\n\n\n<li><a href='?page_no=30473'>30473<\/a><\/li>\n\n    \n\t\n\n<li >\n\t<a href='?page_no=14144'>Next<\/a>\n\t<\/li>\n\n\n    \n\n<li><a href='?page_no=30473'>Last &rsaquo;&rsaquo;<\/a><\/li>\n\n<\/ul>\n\n\n--><br \/>\n<\/body><\/p>\n","protected":false},"excerpt":{"rendered":"<p>Santo Domingo RD 6 diciembre.- El presidente del Consejo Nacional de la Empresas Privadas (Conep), Manuel Diez Cabral, expres\u00f3 este jueves que el pa\u00eds desaceler\u00f3 en el crecimiento, pero espera que el a\u00f1o 2014 se pueda trabajar con la modificaci\u00f3n del C\u00f3digo Laboral, con los pactos por la educaci\u00f3n y fiscal, as\u00ed como con la [&hellip;]<\/p>\n","protected":false},"author":3,"featured_media":0,"comment_status":"open","ping_status":"open","sticky":false,"template":"","format":"standard","meta":{"footnotes":""},"categories":[18],"tags":[],"class_list":["post-98602","post","type-post","status-publish","format-standard","hentry","category-economia"],"_links":{"self":[{"href":"https:\/\/diariodominicano.com\/index.php?rest_route=\/wp\/v2\/posts\/98602","targetHints":{"allow":["GET"]}}],"collection":[{"href":"https:\/\/diariodominicano.com\/index.php?rest_route=\/wp\/v2\/posts"}],"about":[{"href":"https:\/\/diariodominicano.com\/index.php?rest_route=\/wp\/v2\/types\/post"}],"author":[{"embeddable":true,"href":"https:\/\/diariodominicano.com\/index.php?rest_route=\/wp\/v2\/users\/3"}],"replies":[{"embeddable":true,"href":"https:\/\/diariodominicano.com\/index.php?rest_route=%2Fwp%2Fv2%2Fcomments&post=98602"}],"version-history":[{"count":0,"href":"https:\/\/diariodominicano.com\/index.php?rest_route=\/wp\/v2\/posts\/98602\/revisions"}],"wp:attachment":[{"href":"https:\/\/diariodominicano.com\/index.php?rest_route=%2Fwp%2Fv2%2Fmedia&parent=98602"}],"wp:term":[{"taxonomy":"category","embeddable":true,"href":"https:\/\/diariodominicano.com\/index.php?rest_route=%2Fwp%2Fv2%2Fcategories&post=98602"},{"taxonomy":"post_tag","embeddable":true,"href":"https:\/\/diariodominicano.com\/index.php?rest_route=%2Fwp%2Fv2%2Ftags&post=98602"}],"curies":[{"name":"wp","href":"https:\/\/api.w.org\/{rel}","templated":true}]}}