{"id":98600,"date":"2013-12-06T14:58:51","date_gmt":"2013-12-06T14:58:51","guid":{"rendered":"http:\/\/diariodominicano.ddns.net\/?p=98600"},"modified":"2013-12-06T14:58:51","modified_gmt":"2013-12-06T14:58:51","slug":"director-de-aduanas-vaticina-recaudaciones-fiscales-este-ano-seran-de-66-mil-346-millones-de-pesos","status":"publish","type":"post","link":"https:\/\/diariodominicano.com\/?p=98600","title":{"rendered":"Director de Aduanas vaticina recaudaciones fiscales este a\u00f1o ser\u00e1n de 66 mil 346 millones de pesos"},"content":{"rendered":"<p><body><\/p>\n<p><img decoding=\"async\" src=\"img3\/aduanas 6.jpeg\" \/>  <\/p>\n<p>Santo Domingo RD 6 diciembre.- El director general de Aduanas, ingeniero Juan Fernando Fern\u00e1ndez,  dijo que las recaudaciones fiscales al final de este a\u00f1o en esa dependencia ser\u00e1n de 66 mil 346 millones de pesos, lo que representa  un aumento de un 12% en comparaci\u00f3n con el per\u00edodo pasado.<\/p>\n<\/p>\n<p>Por otro lado, el funcionario  revel\u00f3 ayer  en Santiago, que siguen atacando   la evasi\u00f3n y el contrabando de mercanc\u00edas,  y que han detectado cargamento de whisky y cigarros.<\/p>\n<\/p>\n<p> Se\u00f1al\u00f3 que cada vez implementan m\u00e9todos m\u00e1s efectivos para detener la evasi\u00f3n, el il\u00edcito del contrabando, tras se\u00f1alar que en Santiago se investiga no solo la subvaluaci\u00f3n que har\u00edan a mercanc\u00edas empresas de los chinos, tambi\u00e9n de dominicanos y otras.<\/p>\n<\/p>\n<p> Aclar\u00f3  que  el combate contra la evasi\u00f3n no persigue raza, etnia ni sectores en particular, sino a todos los que no se ajusten a las normas.<\/p>\n<\/p>\n<p>El ingeniero Fern\u00e1ndez, se refiri\u00f3 al tema, en el marco de un encuentro con la prensa auspiciado por la Asociaci\u00f3n de Comerciantes e Industriales de  Santiago (ACIS). El funcionario fue el orador invitado en el almuerzo-asamblea de la entidad empresarial.<\/p>\n<\/p>\n<p>  Las palabras de introducci\u00f3n del encuentro fueron pronunciadas por el presidente de la ACIS, Sandy Filpo, quien destac\u00f3 la importancia de la vida del director de Aduanas.<\/p>\n<\/p>\n<p> \u00abEs importante la presencia del ingeniero Juan Fernando Fern\u00e1ndez, porque nos permite compartir las inquietudes de todos los sectores productivos\u00bb, agreg\u00f3 el empresario.<\/p>\n<\/p>\n<p> De su lado, el director general de Aduanas,  dijo sentirse muy contento siempre que viene a Santiago por el trato solidario y humano que recibe, porque en esta ciudad, agreg\u00f3 en broma \u00abme siento como un Presidente\u00bb.<\/p>\n<h6> 2013-12-06 14:58:51 <\/h6>\n<p><!--\n<link rel=\"stylesheet\" href=\"css\/bootstrap.min.css\">\n\n\n<ul class=\"pagination\">\n\t    \n\t\n\n<li >\n\t<a href='?page_no=14140'>Previous<\/a>\n\t<\/li>\n\n\n       \n    \n\n<li><a href='?page_no=1'>1<\/a><\/li>\n\n\n\n<li><a href='?page_no=2'>2<\/a><\/li>\n\n\n\n<li><a>...<\/a><\/li>\n\n\n\n<li><a href='?page_no=14139'>14139<\/a><\/li>\n\n\n\n<li><a href='?page_no=14140'>14140<\/a><\/li>\n\n\n\n<li class='active'><a>14141<\/a><\/li>\n\n\n\n<li><a href='?page_no=14142'>14142<\/a><\/li>\n\n\n\n<li><a href='?page_no=14143'>14143<\/a><\/li>\n\n\n\n<li><a>...<\/a><\/li>\n\n\n\n<li><a href='?page_no=30472'>30472<\/a><\/li>\n\n\n\n<li><a href='?page_no=30473'>30473<\/a><\/li>\n\n    \n\t\n\n<li >\n\t<a href='?page_no=14142'>Next<\/a>\n\t<\/li>\n\n\n    \n\n<li><a href='?page_no=30473'>Last &rsaquo;&rsaquo;<\/a><\/li>\n\n<\/ul>\n\n\n--><br \/>\n<\/body><\/p>\n","protected":false},"excerpt":{"rendered":"<p>Santo Domingo RD 6 diciembre.- El director general de Aduanas, ingeniero Juan Fernando Fern\u00e1ndez, dijo que las recaudaciones fiscales al final de este a\u00f1o en esa dependencia ser\u00e1n de 66 mil 346 millones de pesos, lo que representa un aumento de un 12% en comparaci\u00f3n con el per\u00edodo pasado. Por otro lado, el funcionario revel\u00f3 [&hellip;]<\/p>\n","protected":false},"author":3,"featured_media":0,"comment_status":"open","ping_status":"open","sticky":false,"template":"","format":"standard","meta":{"footnotes":""},"categories":[18],"tags":[],"class_list":["post-98600","post","type-post","status-publish","format-standard","hentry","category-economia"],"_links":{"self":[{"href":"https:\/\/diariodominicano.com\/index.php?rest_route=\/wp\/v2\/posts\/98600","targetHints":{"allow":["GET"]}}],"collection":[{"href":"https:\/\/diariodominicano.com\/index.php?rest_route=\/wp\/v2\/posts"}],"about":[{"href":"https:\/\/diariodominicano.com\/index.php?rest_route=\/wp\/v2\/types\/post"}],"author":[{"embeddable":true,"href":"https:\/\/diariodominicano.com\/index.php?rest_route=\/wp\/v2\/users\/3"}],"replies":[{"embeddable":true,"href":"https:\/\/diariodominicano.com\/index.php?rest_route=%2Fwp%2Fv2%2Fcomments&post=98600"}],"version-history":[{"count":0,"href":"https:\/\/diariodominicano.com\/index.php?rest_route=\/wp\/v2\/posts\/98600\/revisions"}],"wp:attachment":[{"href":"https:\/\/diariodominicano.com\/index.php?rest_route=%2Fwp%2Fv2%2Fmedia&parent=98600"}],"wp:term":[{"taxonomy":"category","embeddable":true,"href":"https:\/\/diariodominicano.com\/index.php?rest_route=%2Fwp%2Fv2%2Fcategories&post=98600"},{"taxonomy":"post_tag","embeddable":true,"href":"https:\/\/diariodominicano.com\/index.php?rest_route=%2Fwp%2Fv2%2Ftags&post=98600"}],"curies":[{"name":"wp","href":"https:\/\/api.w.org\/{rel}","templated":true}]}}