{"id":98596,"date":"2013-12-07T13:32:41","date_gmt":"2013-12-07T13:32:41","guid":{"rendered":"http:\/\/diariodominicano.ddns.net\/?p=98596"},"modified":"2013-12-07T13:32:41","modified_gmt":"2013-12-07T13:32:41","slug":"director-advierte-aduanas-le-declara-la-guerra-a-la-evasion-y-la-subvaluacion-de-mercancias","status":"publish","type":"post","link":"https:\/\/diariodominicano.com\/?p=98596","title":{"rendered":"&#13;&#13;Director advierte Aduanas le declara la guerra a la evasi\u00f3n y la subvaluaci\u00f3n de mercanc\u00edas"},"content":{"rendered":"<p><body><\/p>\n<p><img decoding=\"async\" src=\"img3\/aduana.jpg\" \/>  <\/p>\n<p><span class=\"text1noticias\">Santiago, RD, 7 de Diciembre.-El director general de Aduanas, ingeniero Fernando Fern\u00e1ndez advirti\u00f3 que la Direcci\u00f3n General de Aduanas (DGA) le ha declarado la guerra al contrabando, la evasi\u00f3n y la subvaluaci\u00f3n de mercanc\u00edas.<\/span><\/p>\n<\/p>\n<p><span class=\"text1noticias\">Al mismo tiempo, el titular de Aduanas elogi\u00f3 el papel de los empresarios dominicanos en el fortalecimiento de la econom\u00eda del pa\u00eds, y dijo que los invitaba a seguir reforzando la alianza entre la DGA y el sector privado para continuar robusteciendo los procesos de modernizaci\u00f3n e institucionalizaci\u00f3n que se implementan en la aduana dominicana. <\/span><\/p>\n<\/p>\n<p><span class=\"text1noticias\">  El ingeniero Fern\u00e1ndez manifest\u00f3 que Aduanas  seguir\u00e1  atacando con toda su efectividad la informalidad en el comercio.  \u00abDesde la DGA, miramos hacia el futuro con optimismo, y seguiremos embarc\u00e1ndonos en proyectos que aseguren un manejo eficiente de la Cadena Log\u00edstica de Suministro, que propicie la certeza en el recaudo\u00bb. <\/span><\/p>\n<\/p>\n<p><span class=\"text1noticias\">Y a\u00f1adi\u00f3 que ese manejo eficiente \u00abdebe facilitar el comercio leg\u00edtimo, el comercio l\u00edcito, y que ataque con efectividad la informalidad, el contrabando, la subvaluaci\u00f3n, y la evasi\u00f3n en cualquiera de sus manifestaciones; y en tales prop\u00f3sitos estamos sin pausas y con determinaci\u00f3n\u00bb.<\/span><\/p>\n<\/p>\n<p><span class=\"text1noticias\"> Dijo que este a\u00f1o se ha afianzado el proceso de despacho de mercanc\u00edas,  sin  que el contribuyente tenga que entregar un solo documento f\u00edsico, con lo cual los resultados de una aduana sin papel la hacen m\u00e1s visible.<\/span><\/p>\n<\/p>\n<p><span class=\"text1noticias\">  Precis\u00f3 que a pesar de que aduana sin papel es una realidad en la Rep\u00fablica Dominicana, ser\u00e1 necesario, para su consolidaci\u00f3n plena, la colaboraci\u00f3n y el esfuerzo de todos los sectores y las entidades \u00abpara-aduaneras\u00bb, en t\u00e9rminos de voluntad institucional.<\/span><\/p>\n<\/p>\n<p><span class=\"text1noticias\">El funcionario hizo sus declaraciones al participar como orador principal de la Asociaci\u00f3n de Comerciantes e Industriales de Santiago  (ACIS), en donde habl\u00f3 sobre los avances, las perspectivas y el compromiso de la aduana de Rep\u00fablica Dominicana.<\/span><\/p>\n<\/p>\n<p><span class=\"text1noticias\">\u00abLa transformaci\u00f3n aduanal ha ido de la mano del proceso de apertura comercial que ha verificado la Rep\u00fablica Dominicana en las \u00faltimas d\u00e9cadas y de la necesidad de asegurar el recaudo\u00bb, expres\u00f3 Fern\u00e1ndez.<\/span><\/p>\n<\/p>\n<p><span class=\"text1noticias\">El director de aduanas se\u00f1al\u00f3 que producto de los avances experimentados en la instituci\u00f3n, as\u00ed como de los controles establecidos se ha logrado un buen comportamiento en las recaudaciones.<\/span><\/p>\n<\/p>\n<p><span class=\"text1noticias\">La actividad celebrada en el Edificio Empresarial, de la avenida Las Carreras No.7, fue encabezada por el presidente de la ACIS, Sandy Filpo; Jos\u00e9 Octavio, secretario general; la se\u00f1ora Tomoko Yamaki, directora ejecutiva, y Carlos Guzm\u00e1n, presidente de la Asociaci\u00f3n de Comerciantes e Importadores del Cibao (ASICI), el empresario Aquiles Bermudez, entre otros importantes miembros y l\u00edderes empresariales de Santiago.<\/span><\/p>\n<\/p>\n<p><span class=\"text1noticias\">Acompa\u00f1aron al director general de Aduanas en el evento, el ingeniero Gregorio Lora, asesor del Director y la licenciada Sandra Abinader, su asistente.(HG)<\/span>.<\/p>\n<\/p>\n<h6> 2013-12-07 13:32:41 <\/h6>\n<p><!--\n<link rel=\"stylesheet\" href=\"css\/bootstrap.min.css\">\n\n\n<ul class=\"pagination\">\n\t    \n\t\n\n<li >\n\t<a href='?page_no=14137'>Previous<\/a>\n\t<\/li>\n\n\n       \n    \n\n<li><a href='?page_no=1'>1<\/a><\/li>\n\n\n\n<li><a href='?page_no=2'>2<\/a><\/li>\n\n\n\n<li><a>...<\/a><\/li>\n\n\n\n<li><a href='?page_no=14136'>14136<\/a><\/li>\n\n\n\n<li><a href='?page_no=14137'>14137<\/a><\/li>\n\n\n\n<li class='active'><a>14138<\/a><\/li>\n\n\n\n<li><a href='?page_no=14139'>14139<\/a><\/li>\n\n\n\n<li><a href='?page_no=14140'>14140<\/a><\/li>\n\n\n\n<li><a>...<\/a><\/li>\n\n\n\n<li><a href='?page_no=30472'>30472<\/a><\/li>\n\n\n\n<li><a href='?page_no=30473'>30473<\/a><\/li>\n\n    \n\t\n\n<li >\n\t<a href='?page_no=14139'>Next<\/a>\n\t<\/li>\n\n\n    \n\n<li><a href='?page_no=30473'>Last &rsaquo;&rsaquo;<\/a><\/li>\n\n<\/ul>\n\n\n--><br \/>\n<\/body><\/p>\n","protected":false},"excerpt":{"rendered":"<p>Santiago, RD, 7 de Diciembre.-El director general de Aduanas, ingeniero Fernando Fern\u00e1ndez advirti\u00f3 que la Direcci\u00f3n General de Aduanas (DGA) le ha declarado la guerra al contrabando, la evasi\u00f3n y la subvaluaci\u00f3n de mercanc\u00edas. Al mismo tiempo, el titular de Aduanas elogi\u00f3 el papel de los empresarios dominicanos en el fortalecimiento de la econom\u00eda del [&hellip;]<\/p>\n","protected":false},"author":3,"featured_media":0,"comment_status":"open","ping_status":"open","sticky":false,"template":"","format":"standard","meta":{"footnotes":""},"categories":[18],"tags":[],"class_list":["post-98596","post","type-post","status-publish","format-standard","hentry","category-economia"],"_links":{"self":[{"href":"https:\/\/diariodominicano.com\/index.php?rest_route=\/wp\/v2\/posts\/98596","targetHints":{"allow":["GET"]}}],"collection":[{"href":"https:\/\/diariodominicano.com\/index.php?rest_route=\/wp\/v2\/posts"}],"about":[{"href":"https:\/\/diariodominicano.com\/index.php?rest_route=\/wp\/v2\/types\/post"}],"author":[{"embeddable":true,"href":"https:\/\/diariodominicano.com\/index.php?rest_route=\/wp\/v2\/users\/3"}],"replies":[{"embeddable":true,"href":"https:\/\/diariodominicano.com\/index.php?rest_route=%2Fwp%2Fv2%2Fcomments&post=98596"}],"version-history":[{"count":0,"href":"https:\/\/diariodominicano.com\/index.php?rest_route=\/wp\/v2\/posts\/98596\/revisions"}],"wp:attachment":[{"href":"https:\/\/diariodominicano.com\/index.php?rest_route=%2Fwp%2Fv2%2Fmedia&parent=98596"}],"wp:term":[{"taxonomy":"category","embeddable":true,"href":"https:\/\/diariodominicano.com\/index.php?rest_route=%2Fwp%2Fv2%2Fcategories&post=98596"},{"taxonomy":"post_tag","embeddable":true,"href":"https:\/\/diariodominicano.com\/index.php?rest_route=%2Fwp%2Fv2%2Ftags&post=98596"}],"curies":[{"name":"wp","href":"https:\/\/api.w.org\/{rel}","templated":true}]}}