{"id":98595,"date":"2013-12-07T13:59:41","date_gmt":"2013-12-07T13:59:41","guid":{"rendered":"http:\/\/diariodominicano.ddns.net\/?p=98595"},"modified":"2013-12-07T13:59:41","modified_gmt":"2013-12-07T13:59:41","slug":"inespre-inicia-mercado-de-productores-en-coordinacion-con-alcaldia-y-gobernacion","status":"publish","type":"post","link":"https:\/\/diariodominicano.com\/?p=98595","title":{"rendered":"Inespre inicia mercado de productores en coordinaci\u00f3n con Alcald\u00eda y Gobernaci\u00f3n"},"content":{"rendered":"<p><body><\/p>\n<p><img decoding=\"async\" src=\"http:\/\/localhost:8080\/economia\/img3\/Inespre.jpg\" \/>  <\/p>\n<p><span class=\"text1noticias\">Santo Domingo, RD, 7 de Diciembre.-El Instituto Nacional de Estabilizaci\u00f3n de Precios (Inespre), la Gobernaci\u00f3n al y la Alcald\u00eda de esta ciudad, dejaron ayer en funcionamiento un mercado de productores donde se comercializaran productos a bajos precios.<\/span><\/p>\n<\/p>\n<p><span class=\"text1noticias\">   El acto fue presidido por el director del Inespre, Radhames Zorrilla Ozuna, el gobernador Pedro Pe\u00f1a Rubio y el Alcalde Noel Suberv\u00ed Nin, el cual fue realizado en las instalaciones del Inespre en el barrio Enriquillo de aqu\u00ed.<\/span><\/p>\n<p><span class=\"text1noticias\"> <\/span><\/p>\n<p><span class=\"text1noticias\">        El ex general dijo que en el mercado de productores ser\u00e1n comercializados diversos productos a precios asequibles, todos los d\u00edas.<\/span><\/p>\n<p><span class=\"text1noticias\"> <\/span><\/p>\n<p><span class=\"text1noticias\">        \u00abPero lo mas importante es la alianza que hemos realizado entre Inespre, Ayuntamiento y la Gobernaci\u00f3n, por gestiones e idea del sindico Suberv\u00ed Nin, quien fue que le planteo la idea\u00bb, apunt\u00f3.<\/span><\/p>\n<p><span class=\"text1noticias\"> <\/span><\/p>\n<p><span class=\"text1noticias\">        El funcionario dijo que el Inespre dispuso la venta de arroz, a 14 pesos la libra, \u00abque es el complemento que necesitan las amas de casa, porque aqu\u00ed esta la carnet y los dem\u00e1s productos de la dieta diaria\u00bb.<\/span><\/p>\n<p><span class=\"text1noticias\"> <\/span><\/p>\n<p><span class=\"text1noticias\">         \u00abAqu\u00ed van a comprar los productos a mas bajos precios, que en cualquier comercio\u00bb, precis\u00f3.<\/span><\/p>\n<p><span class=\"text1noticias\"> <\/span><\/p>\n<p><span class=\"text1noticias\">        En el acto tambi\u00e9n estuvieron el regidor Nino Cousco,  Miguel Camilo entre otros.(HG)<\/span>.<\/p>\n<h6> 2013-12-07 13:59:41 <\/h6>\n<p><!--\n<link rel=\"stylesheet\" href=\"css\/bootstrap.min.css\">\n\n\n<ul class=\"pagination\">\n\t    \n\t\n\n<li >\n\t<a href='?page_no=14136'>Previous<\/a>\n\t<\/li>\n\n\n       \n    \n\n<li><a href='?page_no=1'>1<\/a><\/li>\n\n\n\n<li><a href='?page_no=2'>2<\/a><\/li>\n\n\n\n<li><a>...<\/a><\/li>\n\n\n\n<li><a href='?page_no=14135'>14135<\/a><\/li>\n\n\n\n<li><a href='?page_no=14136'>14136<\/a><\/li>\n\n\n\n<li class='active'><a>14137<\/a><\/li>\n\n\n\n<li><a href='?page_no=14138'>14138<\/a><\/li>\n\n\n\n<li><a href='?page_no=14139'>14139<\/a><\/li>\n\n\n\n<li><a>...<\/a><\/li>\n\n\n\n<li><a href='?page_no=30472'>30472<\/a><\/li>\n\n\n\n<li><a href='?page_no=30473'>30473<\/a><\/li>\n\n    \n\t\n\n<li >\n\t<a href='?page_no=14138'>Next<\/a>\n\t<\/li>\n\n\n    \n\n<li><a href='?page_no=30473'>Last &rsaquo;&rsaquo;<\/a><\/li>\n\n<\/ul>\n\n\n--><br \/>\n<\/body><\/p>\n","protected":false},"excerpt":{"rendered":"<p>Santo Domingo, RD, 7 de Diciembre.-El Instituto Nacional de Estabilizaci\u00f3n de Precios (Inespre), la Gobernaci\u00f3n al y la Alcald\u00eda de esta ciudad, dejaron ayer en funcionamiento un mercado de productores donde se comercializaran productos a bajos precios. El acto fue presidido por el director del Inespre, Radhames Zorrilla Ozuna, el gobernador Pedro Pe\u00f1a Rubio y [&hellip;]<\/p>\n","protected":false},"author":3,"featured_media":0,"comment_status":"open","ping_status":"open","sticky":false,"template":"","format":"standard","meta":{"footnotes":""},"categories":[18],"tags":[],"class_list":["post-98595","post","type-post","status-publish","format-standard","hentry","category-economia"],"_links":{"self":[{"href":"https:\/\/diariodominicano.com\/index.php?rest_route=\/wp\/v2\/posts\/98595","targetHints":{"allow":["GET"]}}],"collection":[{"href":"https:\/\/diariodominicano.com\/index.php?rest_route=\/wp\/v2\/posts"}],"about":[{"href":"https:\/\/diariodominicano.com\/index.php?rest_route=\/wp\/v2\/types\/post"}],"author":[{"embeddable":true,"href":"https:\/\/diariodominicano.com\/index.php?rest_route=\/wp\/v2\/users\/3"}],"replies":[{"embeddable":true,"href":"https:\/\/diariodominicano.com\/index.php?rest_route=%2Fwp%2Fv2%2Fcomments&post=98595"}],"version-history":[{"count":0,"href":"https:\/\/diariodominicano.com\/index.php?rest_route=\/wp\/v2\/posts\/98595\/revisions"}],"wp:attachment":[{"href":"https:\/\/diariodominicano.com\/index.php?rest_route=%2Fwp%2Fv2%2Fmedia&parent=98595"}],"wp:term":[{"taxonomy":"category","embeddable":true,"href":"https:\/\/diariodominicano.com\/index.php?rest_route=%2Fwp%2Fv2%2Fcategories&post=98595"},{"taxonomy":"post_tag","embeddable":true,"href":"https:\/\/diariodominicano.com\/index.php?rest_route=%2Fwp%2Fv2%2Ftags&post=98595"}],"curies":[{"name":"wp","href":"https:\/\/api.w.org\/{rel}","templated":true}]}}