{"id":98593,"date":"2013-12-08T05:30:09","date_gmt":"2013-12-08T05:30:09","guid":{"rendered":"http:\/\/diariodominicano.ddns.net\/?p=98593"},"modified":"2013-12-08T05:30:09","modified_gmt":"2013-12-08T05:30:09","slug":"montas-dice-en-miami-rd-debe-buscar-alternativas-para-sustentar-crecimiento-y-productividad","status":"publish","type":"post","link":"https:\/\/diariodominicano.com\/?p=98593","title":{"rendered":"Mont\u00e1s dice en Miami RD debe buscar alternativas para sustentar crecimiento y productividad"},"content":{"rendered":"<p><body><\/p>\n<p><img decoding=\"async\" src=\"img3\/temo071213.jpg\" \/><br \/><img decoding=\"async\" src=\"img3\/temo0000.jpg\" \/>  <\/p>\n<p><span class=\"text1noticias\">MIAMI, Florida, 7 de Diciembre.-  El ministro de Econom\u00eda, Planificaci\u00f3n y Desarrollo, Tem\u00edstocles Mont\u00e1s, afirm\u00f3 este s\u00e1bado aqu\u00ed que el ahorro interno, la inversi\u00f3n extranjera, la mejora en la educaci\u00f3n, una mayor competitividad y el fortalecimiento de la institucionalidad es el conjunto que garantiza un sostenido crecimiento econ\u00f3mico a la Rep\u00fablica Dominicana.<\/span><\/p>\n<\/p>\n<p><span class=\"text1noticias\">Dijo  que el pueblo dominicano ser\u00e1 el gran beneficiario de las pol\u00edticas que ejecuta el presidente Danilo Medina en cuanto a estimular el empleo mediante el apoyo a las Micro, Medianas y Peque\u00f1as Empresas, el financiamiento a las asociaciones de productores, de mujeres y el incremento del presupuesto de la educaci\u00f3n p\u00fablica.<\/span><\/p>\n<\/p>\n<p><span class=\"text1noticias\">Mont\u00e1s manifest\u00f3 que es correcto y saludable el objetivo del gobierno de lograr  que 10 millones de extranjeros visiten el pa\u00eds para el a\u00f1o 2016 porque eso genera empleos, incrementa la entrada de divisas y ampl\u00eda el mercado para la producci\u00f3n agropecuaria nacional.<\/span><\/p>\n<\/p>\n<p><span class=\"text1noticias\">Al dictar una conferencia magistral sobre el futuro de la econom\u00eda dominicana, auspiciado por el Consulado dominicano en esta ciudad, Mont\u00e1s, quien es tambi\u00e9n el alto dirigente del PLD, dijo que su pa\u00eds est\u00e1 compelido a buscar alternativas que garanticen incrementar el crecimiento y la productividad sin necesidad de mayores tasas impositivas.<\/span><\/p>\n<\/p>\n<p><span class=\"text1noticias\">A la conferencia en el hotel EB, de esta ciudad, asistieron dirigentes y militantes del PLD,  del Partido Revolucionario Dominicano (PRD) y de otras entidades comunitarias y sociales de Miami.<\/span><\/p>\n<\/p>\n<p><span class=\"text1noticias\">El ministro expres\u00f3 que desde el gobierno es necesario insistir en la aplicaci\u00f3n de pol\u00edticas productivas porque ya la econom\u00eda dominicana no resiste m\u00e1s endeudamiento externo y tampoco se puede contar con una ampliaci\u00f3n de las inversiones en telecomunicaciones o de servicios financieros, porque ambos renglones han llegado a su m\u00e1ximo crecimiento y no fomentan empleos productivos.<\/span><\/p>\n<\/p>\n<p><span class=\"text1noticias\">Asimismo, Mont\u00e1s advirti\u00f3 que la sociedad dominicana no resiste mayores cargas impositivas, porque afectar\u00edan las inversiones y el crecimiento econ\u00f3mico.<\/span><\/p>\n<\/p>\n<p><span class=\"text1noticias\">No obstante, dijo que lo que hay que enfrentar es la evasi\u00f3n fiscal y se pronunci\u00f3 a favor de intensificar la persecuci\u00f3n de ese delito.<\/span><\/p>\n<\/p>\n<p><span class=\"text1noticias\">Explic\u00f3 que hay que buscar mejorar otras v\u00edas para aumentar el crecimiento y una mayor productividad econ\u00f3mica per c\u00e1pita en el pa\u00eds como forma de lograr el pleno desarrollo.<\/span><\/p>\n<\/p>\n<p><span class=\"text1noticias\">\u00abPese a las dificultades, el crecimiento econ\u00f3mico de la Rep\u00fablica Dominicana supera a otras econom\u00edas emergentes regionales\u00bb, se\u00f1al\u00f3 Mont\u00e1s arrancando el aplauso de cientos de asistentes a la conferencia.<\/span><\/p>\n<p><span class=\"text1noticias\">El c\u00f3nsul Amaury R\u00edos dio las palabras de bienvenida y resalt\u00f3 que Montas fue uno de los principales arquitectos de ley de Estrategia Nacional de Desarrollo que hoy gu\u00eda los objetivos de una mejor calidad de vida de los dominicanos.<\/span><\/p>\n<\/p>\n<p><span class=\"text1noticias\">En otro aspecto, Mont\u00e1s se\u00f1al\u00f3 que no es correcto comparar la econom\u00eda dominicana con otras naciones que como Chile en Am\u00e9rica Latina ya se le considera una naci\u00f3n desarrollada, y en cambio dijo que la comparaci\u00f3n debe hacerse con pa\u00edses de igual nivel de desarrollo que la Republica Dominicana.<\/span><\/p>\n<p><span class=\"text1noticias\">Destac\u00f3 que hace unos 50 anos la econom\u00eda de Hait\u00ed era superior en todos los renglones a la dominicana, pero que desde la d\u00e9cada de los ochenta \u00abla Rep\u00fablica Dominicana ha sostenido un crecimiento econ\u00f3mico casi constante con algunos notables y naturales altibajos\u00bb.<\/span><\/p>\n<\/p>\n<p><span class=\"text1noticias\">Mont\u00e1s enumer\u00f3 con claridad cada uno de los pasos que han dado naciones que como Corea del Sur y China en el continente asi\u00e1tico para alcanzar los niveles de desarrollo actuales.<\/span><\/p>\n<\/p>\n<p><span class=\"text1noticias\">Resalt\u00f3 que la Rep\u00fablica Dominicana tiene un futuro promisorio porque es una naci\u00f3n de emprendedores, que se ven fortalecidos por la Estrategia Nacional de Desarrollo que puede servir de programa de gobierno econ\u00f3mico para cualquier partido que llegue al poder, como le sirve a las actuales autoridades que encabeza el licenciado Danilo Medina, para incentivar a la peque\u00f1a y mediana empresa, de las que dijo son el rengl\u00f3n mayoritario en el aspecto de la producci\u00f3n econ\u00f3mica nacional.<\/span><\/p>\n<\/p>\n<\/p>\n<\/p>\n<\/p>\n<h6> 2013-12-08 05:30:09 <\/h6>\n<p><!--\n<link rel=\"stylesheet\" href=\"css\/bootstrap.min.css\">\n\n\n<ul class=\"pagination\">\n\t    \n\t\n\n<li >\n\t<a href='?page_no=14134'>Previous<\/a>\n\t<\/li>\n\n\n       \n    \n\n<li><a href='?page_no=1'>1<\/a><\/li>\n\n\n\n<li><a href='?page_no=2'>2<\/a><\/li>\n\n\n\n<li><a>...<\/a><\/li>\n\n\n\n<li><a href='?page_no=14133'>14133<\/a><\/li>\n\n\n\n<li><a href='?page_no=14134'>14134<\/a><\/li>\n\n\n\n<li class='active'><a>14135<\/a><\/li>\n\n\n\n<li><a href='?page_no=14136'>14136<\/a><\/li>\n\n\n\n<li><a href='?page_no=14137'>14137<\/a><\/li>\n\n\n\n<li><a>...<\/a><\/li>\n\n\n\n<li><a href='?page_no=30472'>30472<\/a><\/li>\n\n\n\n<li><a href='?page_no=30473'>30473<\/a><\/li>\n\n    \n\t\n\n<li >\n\t<a href='?page_no=14136'>Next<\/a>\n\t<\/li>\n\n\n    \n\n<li><a href='?page_no=30473'>Last &rsaquo;&rsaquo;<\/a><\/li>\n\n<\/ul>\n\n\n--><br \/>\n<\/body><\/p>\n","protected":false},"excerpt":{"rendered":"<p>MIAMI, Florida, 7 de Diciembre.- El ministro de Econom\u00eda, Planificaci\u00f3n y Desarrollo, Tem\u00edstocles Mont\u00e1s, afirm\u00f3 este s\u00e1bado aqu\u00ed que el ahorro interno, la inversi\u00f3n extranjera, la mejora en la educaci\u00f3n, una mayor competitividad y el fortalecimiento de la institucionalidad es el conjunto que garantiza un sostenido crecimiento econ\u00f3mico a la Rep\u00fablica Dominicana. Dijo que el [&hellip;]<\/p>\n","protected":false},"author":3,"featured_media":0,"comment_status":"open","ping_status":"open","sticky":false,"template":"","format":"standard","meta":{"footnotes":""},"categories":[18],"tags":[],"class_list":["post-98593","post","type-post","status-publish","format-standard","hentry","category-economia"],"_links":{"self":[{"href":"https:\/\/diariodominicano.com\/index.php?rest_route=\/wp\/v2\/posts\/98593","targetHints":{"allow":["GET"]}}],"collection":[{"href":"https:\/\/diariodominicano.com\/index.php?rest_route=\/wp\/v2\/posts"}],"about":[{"href":"https:\/\/diariodominicano.com\/index.php?rest_route=\/wp\/v2\/types\/post"}],"author":[{"embeddable":true,"href":"https:\/\/diariodominicano.com\/index.php?rest_route=\/wp\/v2\/users\/3"}],"replies":[{"embeddable":true,"href":"https:\/\/diariodominicano.com\/index.php?rest_route=%2Fwp%2Fv2%2Fcomments&post=98593"}],"version-history":[{"count":0,"href":"https:\/\/diariodominicano.com\/index.php?rest_route=\/wp\/v2\/posts\/98593\/revisions"}],"wp:attachment":[{"href":"https:\/\/diariodominicano.com\/index.php?rest_route=%2Fwp%2Fv2%2Fmedia&parent=98593"}],"wp:term":[{"taxonomy":"category","embeddable":true,"href":"https:\/\/diariodominicano.com\/index.php?rest_route=%2Fwp%2Fv2%2Fcategories&post=98593"},{"taxonomy":"post_tag","embeddable":true,"href":"https:\/\/diariodominicano.com\/index.php?rest_route=%2Fwp%2Fv2%2Ftags&post=98593"}],"curies":[{"name":"wp","href":"https:\/\/api.w.org\/{rel}","templated":true}]}}