{"id":98589,"date":"2013-12-08T15:55:53","date_gmt":"2013-12-08T15:55:53","guid":{"rendered":"http:\/\/diariodominicano.ddns.net\/?p=98589"},"modified":"2013-12-08T15:55:53","modified_gmt":"2013-12-08T15:55:53","slug":"para-impulsar-competitividad-montas-visita-puerto-multimodal","status":"publish","type":"post","link":"https:\/\/diariodominicano.com\/?p=98589","title":{"rendered":"Para impulsar competitividad, Mont\u00e1s visita puerto Multimodal"},"content":{"rendered":"<p><body><\/p>\n<p><img decoding=\"async\" src=\"img3\/obrero 8.jpg\" \/>  <\/p>\n<p>Santo Domingo RD 8 diciembre.- El ministro de Econom\u00eda Tem\u00edstocles Mont\u00e1s, interesado en impulsar la competitividad regional del pa\u00eds, visit\u00f3 el Puerto Multimodal Caucedo y observ\u00f3 las operaciones con que esta empresa trasborda al mundo m\u00e1s de un mill\u00f3n de contenedores al a\u00f1o y mueve m\u00e1s del 60% de la carga nacional con personal dominicano.<\/p>\n<\/p>\n<p> En esa misi\u00f3n estuvo acompa\u00f1ado del viceministro de Gesti\u00f3n de Competitividad, Juan Reyes, del encargado del \u00e1rea de log\u00edstica, transporte y conectividad del Ministerio, V\u00edctor Ventura,  de la directora de la Unidad de An\u00e1lisis Econ\u00f3mico y Social, Magdalena Lizardo, y de Sandra Gonz\u00e1lez, directora de Clima de Negocios y Competitividad.<\/p>\n<\/p>\n<p> La visita se produjo a pocas horas de la conclusi\u00f3n del Foro para el Crecimiento del Caribe el martes en el Palacio Nacional, que tuvo entre sus objetivos impulsar la competividad regional mediante la log\u00edstica, el transporte y la conectividad.<\/p>\n<\/p>\n<p> Mont\u00e1s y sus acompa\u00f1antes hicieron un recorrido por las instalaciones acompa\u00f1ados por el ingeniero Samuel Conde,  presidente de Zona Franca Multimodal Caucedo, de Manuel Tavares hijo y de Johansen Morten, director ejecutivo de Dubai Port Caucedo; de H\u00e9ctor Tamburini, gerente comercial, de Jos\u00e9 Nelton Gonz\u00e1lez, de Relaciones P\u00fablicas; de Carlos Flaquer, de venta y mercadeo del Centro Log\u00edstico, y de Tanya Luciano, de responsabilidad corporativa de relaciones p\u00fablicas.<\/p>\n<\/p>\n<p> Durante el recorrido el ingeniero Conde y Tamburini explicaron a los visitantes cada una de las operaciones y la infraestructura con que llevan a cabo el proceso para el trasbordo de cargas, inform\u00f3 la Unidad de Comunicaciones del Ministerio de Econom\u00eda.<\/p>\n<\/p>\n<p>El Puerto Multimodal disfruta de la ventaja estrat\u00e9gica de estar situado en el centro del Caribe, condici\u00f3n que influy\u00f3 de manera determinante en que desplazara como centro de trasbordo al puerto de Houston, Estados Unidos.<\/p>\n<\/p>\n<p>En ese sentido el ministro Mont\u00e1s resalt\u00f3 que el gobierno est\u00e1 interesado en crear las condiciones a los agentes del sector privado para potenciar sus actividades a fin de acortar cualquier ventaja de sus competidores, aumentar el volumen de exportaciones y atraer inversi\u00f3n extranjera.<\/p>\n<\/p>\n<p> El Puerto Multimodal Caucedo tiene un muelle de aguas profundas y sus ejecutivos trabajan se proponen dragar para aumentar la profundidad del calado de 13.5 a 15 metros y permitir la entrada de embarcaciones mayores que mueven cargas a grandes distancias, de uno a otro lado del mundo., inform\u00f3 el ingeniero Conde.<\/p>\n<\/p>\n<p> Cuenta con un centro de acopio de 15 de las principales l\u00edneas navieras, terminal de contenedores con capacidad para 1.6      millones de unidades, capacidad para manejo de carga suelta, preparados para el nuevo canal de 922 metros de muelle, seis gr\u00faas p\u00f3rtico y dos de puerto m\u00f3viles, dijo Conde.<\/p>\n<\/p>\n<p> Dispone de 23 gr\u00faas en forma de hache para trasbordar al a\u00f1o m\u00e1s de un mill\u00f3n de contenedores con destino al resto del Caribe, a Centroam\u00e9rica y a Europa y, en menor media a Estados Unidos, hacia donde distribuye s\u00f3lo el 21% de la carga.<\/p>\n<\/p>\n<p> La inversi\u00f3n actual asciende a unos US$400 millones, que sigui\u00f3 a una anterior de US$300, luego de que se hiciera una inversi\u00f3n inicial en obras civiles de US$150 millones y de US$50 millones en equipamiento, serg\u00fan explic\u00f3 el ingeniero Conde.<\/p>\n<\/p>\n<p> Todo el personal, unas mil personas, es dominicano y fue reclutado casi en un ochenta por ciento en la misma zona de Boca Chica y Caucedo, despu\u00e9s de la cesant\u00eda provocada por el cierre del ingenio que daba vida econ\u00f3mica a estas comunidades, dijo Conde en el curso de una exposici\u00f3n a los funcionarios visitantes, informo Tamburini.<\/p>\n<\/p>\n<p>  Explic\u00f3 que el Centro Log\u00edstico Caucedo opera como zona de libre comercio con beneficios de zonas franca para sus usuarios, tiene capacidad para almacenar desde 5 mil hasta 1.1 millones de pies cuadrados de contenedores, arriendo de almacenes y un corredor a\u00e9reo expreso debido a su colindancia con el aeropuerto internacional de Las Am\u00e9ricas.<\/p>\n<\/p>\n<p> Tamburin, Gerente Comercial, dijo que el Puerto Multimodal Caucedo, operado por Dubai Port, proyecta convertir el trasbordo de productos en reexportaci\u00f3n, un valor agregado en la repartici\u00f3n de cargas en una reaportaci\u00f3n consistente  en el uso de todas las instalaciones.<\/p>\n<\/p>\n<p> Se trata en este caso del reetiquetado, el reempaque y la redistribuci\u00f3n del producto a su destino, bien sea a otras islas caribe\u00f1as, a naciones centroamericanas, a Europa y a los Estados Unidos, agreg\u00f3 el ejecutivo del puerto.<\/p>\n<\/p>\n<p> Adem\u00e1s dispone de almacenamiento especializado de materia prima y equipos para proyectos a mediano y largo plazos, manejo de carga consolidada y almacenes fiscales, oferta de servicios integrados de seguridad con esc\u00e1neres de rayos equis en puertas, portales para detectar material radioactivo, monitoreo de circuito cerrado y control de acceso biom\u00e9trico.<\/p>\n<\/p>\n<h6> 2013-12-08 15:55:53 <\/h6>\n<p><!--\n<link rel=\"stylesheet\" href=\"css\/bootstrap.min.css\">\n\n\n<ul class=\"pagination\">\n\t    \n\t\n\n<li >\n\t<a href='?page_no=14130'>Previous<\/a>\n\t<\/li>\n\n\n       \n    \n\n<li><a href='?page_no=1'>1<\/a><\/li>\n\n\n\n<li><a href='?page_no=2'>2<\/a><\/li>\n\n\n\n<li><a>...<\/a><\/li>\n\n\n\n<li><a href='?page_no=14129'>14129<\/a><\/li>\n\n\n\n<li><a href='?page_no=14130'>14130<\/a><\/li>\n\n\n\n<li class='active'><a>14131<\/a><\/li>\n\n\n\n<li><a href='?page_no=14132'>14132<\/a><\/li>\n\n\n\n<li><a href='?page_no=14133'>14133<\/a><\/li>\n\n\n\n<li><a>...<\/a><\/li>\n\n\n\n<li><a href='?page_no=30472'>30472<\/a><\/li>\n\n\n\n<li><a href='?page_no=30473'>30473<\/a><\/li>\n\n    \n\t\n\n<li >\n\t<a href='?page_no=14132'>Next<\/a>\n\t<\/li>\n\n\n    \n\n<li><a href='?page_no=30473'>Last &rsaquo;&rsaquo;<\/a><\/li>\n\n<\/ul>\n\n\n--><br \/>\n<\/body><\/p>\n","protected":false},"excerpt":{"rendered":"<p>Santo Domingo RD 8 diciembre.- El ministro de Econom\u00eda Tem\u00edstocles Mont\u00e1s, interesado en impulsar la competitividad regional del pa\u00eds, visit\u00f3 el Puerto Multimodal Caucedo y observ\u00f3 las operaciones con que esta empresa trasborda al mundo m\u00e1s de un mill\u00f3n de contenedores al a\u00f1o y mueve m\u00e1s del 60% de la carga nacional con personal dominicano. [&hellip;]<\/p>\n","protected":false},"author":3,"featured_media":0,"comment_status":"open","ping_status":"open","sticky":false,"template":"","format":"standard","meta":{"footnotes":""},"categories":[18],"tags":[],"class_list":["post-98589","post","type-post","status-publish","format-standard","hentry","category-economia"],"_links":{"self":[{"href":"https:\/\/diariodominicano.com\/index.php?rest_route=\/wp\/v2\/posts\/98589","targetHints":{"allow":["GET"]}}],"collection":[{"href":"https:\/\/diariodominicano.com\/index.php?rest_route=\/wp\/v2\/posts"}],"about":[{"href":"https:\/\/diariodominicano.com\/index.php?rest_route=\/wp\/v2\/types\/post"}],"author":[{"embeddable":true,"href":"https:\/\/diariodominicano.com\/index.php?rest_route=\/wp\/v2\/users\/3"}],"replies":[{"embeddable":true,"href":"https:\/\/diariodominicano.com\/index.php?rest_route=%2Fwp%2Fv2%2Fcomments&post=98589"}],"version-history":[{"count":0,"href":"https:\/\/diariodominicano.com\/index.php?rest_route=\/wp\/v2\/posts\/98589\/revisions"}],"wp:attachment":[{"href":"https:\/\/diariodominicano.com\/index.php?rest_route=%2Fwp%2Fv2%2Fmedia&parent=98589"}],"wp:term":[{"taxonomy":"category","embeddable":true,"href":"https:\/\/diariodominicano.com\/index.php?rest_route=%2Fwp%2Fv2%2Fcategories&post=98589"},{"taxonomy":"post_tag","embeddable":true,"href":"https:\/\/diariodominicano.com\/index.php?rest_route=%2Fwp%2Fv2%2Ftags&post=98589"}],"curies":[{"name":"wp","href":"https:\/\/api.w.org\/{rel}","templated":true}]}}