{"id":98586,"date":"2013-12-09T14:02:00","date_gmt":"2013-12-09T14:02:00","guid":{"rendered":"http:\/\/diariodominicano.ddns.net\/?p=98586"},"modified":"2013-12-09T14:02:00","modified_gmt":"2013-12-09T14:02:00","slug":"la-autoferia-popular-coloco-rd2000-mm-en-prestamos","status":"publish","type":"post","link":"https:\/\/diariodominicano.com\/?p=98586","title":{"rendered":"La Autoferia Popular coloc\u00f3 RD$2000 MM en pr\u00e9stamos"},"content":{"rendered":"<p><body><\/p>\n<p><img decoding=\"async\" src=\"img3\/auto 9.jpg\" \/>  <\/p>\n<p>Santo Domingo RD 9 diciembre.- Con un resultado preliminar de RD$2,000 millones en pr\u00e9stamos aprobados, lo que representa un incremento de un 50%, respecto a las ventas del pasado a\u00f1o, fue clausurada ayer   la \u00abXVIII Autoferia Popular\u00bb, celebrada en el parqueo de la torre de dicha empresa y en m\u00e1s de 30 dealers en el interior del pa\u00eds.<\/p>\n<\/p>\n<p>En esta versi\u00f3n de la casi tradicional feria de veh\u00edculos, se vendieron alrededor de 1600 unidades, con tasas de inter\u00e9s de un 7.5% fija a seis meses; 9.95% fija a un a\u00f1o, 11.95% fija a tres a\u00f1os y 12.95% fija a cinco a\u00f1os, seg\u00fan inform\u00f3 el Banco Popular.<\/p>\n<\/p>\n<p>Seg\u00fan un comunicado de prensa de  la entidad bancaria, los dealers participantes al interior del pa\u00eds duplicaron las ventas,  debido a que contaron con los mismos planes de financiamiento y facilidades que en la sede de la capital.<\/p>\n<\/p>\n<p>Por otro parte, la instituci\u00f3n financiera decidi\u00f3 extender las condiciones de financiamiento presentes en esta edici\u00f3n de la  Autoferia Popular hasta final de mes, con el objetivo de facilitar a los clientes la compra de un veh\u00edculo nuevo.<\/p>\n<\/p>\n<p>La edici\u00f3n de este 2013 cerr\u00f3  anoche con un evento de veh\u00edculos Premium, que circularon por la pasarela instalada al efecto.<\/p>\n<\/p>\n<p>Adem\u00e1s, se ofrecieron charlas explicativas, impartidas por expertos, sobre qu\u00e9 tener en cuenta a la hora de adquirir un veh\u00edculo y c\u00f3mo lograr su mantenimiento ideal.<\/p>\n<\/p>\n<h6> 2013-12-09 14:02:00 <\/h6>\n<p><!--\n<link rel=\"stylesheet\" href=\"css\/bootstrap.min.css\">\n\n\n<ul class=\"pagination\">\n\t    \n\t\n\n<li >\n\t<a href='?page_no=14128'>Previous<\/a>\n\t<\/li>\n\n\n       \n    \n\n<li><a href='?page_no=1'>1<\/a><\/li>\n\n\n\n<li><a href='?page_no=2'>2<\/a><\/li>\n\n\n\n<li><a>...<\/a><\/li>\n\n\n\n<li><a href='?page_no=14127'>14127<\/a><\/li>\n\n\n\n<li><a href='?page_no=14128'>14128<\/a><\/li>\n\n\n\n<li class='active'><a>14129<\/a><\/li>\n\n\n\n<li><a href='?page_no=14130'>14130<\/a><\/li>\n\n\n\n<li><a href='?page_no=14131'>14131<\/a><\/li>\n\n\n\n<li><a>...<\/a><\/li>\n\n\n\n<li><a href='?page_no=30472'>30472<\/a><\/li>\n\n\n\n<li><a href='?page_no=30473'>30473<\/a><\/li>\n\n    \n\t\n\n<li >\n\t<a href='?page_no=14130'>Next<\/a>\n\t<\/li>\n\n\n    \n\n<li><a href='?page_no=30473'>Last &rsaquo;&rsaquo;<\/a><\/li>\n\n<\/ul>\n\n\n--><br \/>\n<\/body><\/p>\n","protected":false},"excerpt":{"rendered":"<p>Santo Domingo RD 9 diciembre.- Con un resultado preliminar de RD$2,000 millones en pr\u00e9stamos aprobados, lo que representa un incremento de un 50%, respecto a las ventas del pasado a\u00f1o, fue clausurada ayer la \u00abXVIII Autoferia Popular\u00bb, celebrada en el parqueo de la torre de dicha empresa y en m\u00e1s de 30 dealers en el [&hellip;]<\/p>\n","protected":false},"author":3,"featured_media":0,"comment_status":"open","ping_status":"open","sticky":false,"template":"","format":"standard","meta":{"footnotes":""},"categories":[18],"tags":[],"class_list":["post-98586","post","type-post","status-publish","format-standard","hentry","category-economia"],"_links":{"self":[{"href":"https:\/\/diariodominicano.com\/index.php?rest_route=\/wp\/v2\/posts\/98586","targetHints":{"allow":["GET"]}}],"collection":[{"href":"https:\/\/diariodominicano.com\/index.php?rest_route=\/wp\/v2\/posts"}],"about":[{"href":"https:\/\/diariodominicano.com\/index.php?rest_route=\/wp\/v2\/types\/post"}],"author":[{"embeddable":true,"href":"https:\/\/diariodominicano.com\/index.php?rest_route=\/wp\/v2\/users\/3"}],"replies":[{"embeddable":true,"href":"https:\/\/diariodominicano.com\/index.php?rest_route=%2Fwp%2Fv2%2Fcomments&post=98586"}],"version-history":[{"count":0,"href":"https:\/\/diariodominicano.com\/index.php?rest_route=\/wp\/v2\/posts\/98586\/revisions"}],"wp:attachment":[{"href":"https:\/\/diariodominicano.com\/index.php?rest_route=%2Fwp%2Fv2%2Fmedia&parent=98586"}],"wp:term":[{"taxonomy":"category","embeddable":true,"href":"https:\/\/diariodominicano.com\/index.php?rest_route=%2Fwp%2Fv2%2Fcategories&post=98586"},{"taxonomy":"post_tag","embeddable":true,"href":"https:\/\/diariodominicano.com\/index.php?rest_route=%2Fwp%2Fv2%2Ftags&post=98586"}],"curies":[{"name":"wp","href":"https:\/\/api.w.org\/{rel}","templated":true}]}}