{"id":98585,"date":"2013-12-09T14:24:49","date_gmt":"2013-12-09T14:24:49","guid":{"rendered":"http:\/\/diariodominicano.ddns.net\/?p=98585"},"modified":"2013-12-09T14:24:49","modified_gmt":"2013-12-09T14:24:49","slug":"anuncian-trabajos-de-planta-a-carbon-en-punta-catalina-bani","status":"publish","type":"post","link":"https:\/\/diariodominicano.com\/?p=98585","title":{"rendered":"Anuncian trabajos de planta a carb\u00f3n en Punta Catalina, Ban\u00ed"},"content":{"rendered":"<p><body><\/p>\n<p><img decoding=\"async\" src=\"img3\/winston 9.jpg\" \/>  <\/p>\n<p>ESTE MES EN BAN\u00cd<\/p>\n<p>Anuncian trabajos de planta a carb\u00f3n en Punta Catalina, Ban\u00ed<\/p>\n<\/p>\n<p>El senador Wilton Guerrero asegura que las plantas cumplir\u00e1n con las normas internacionales de protecci\u00f3n medioambiental.<\/p>\n<\/p>\n<p>Guillermo P\u00e9rez<\/p>\n<p>Santo Domingo<\/p>\n<p>El presidenta Danilo Medina inaugurar\u00e1 este mes los trabajos que marcar\u00e1n la primera fase para la construcci\u00f3n de la planta a carb\u00f3n mineral que ser\u00e1 levantada en Punta Catalina, de Ban\u00ed.<\/p>\n<\/p>\n<p>En la v\u00edspera una delegaci\u00f3n de inversionistas brasile\u00f1os ya rindi\u00f3 un informe al mandatario en el que establece que la obra dar\u00e1 empleos, durante su edificaci\u00f3n,  a 7 mil 500 personas. <\/p>\n<\/p>\n<p> El d\u00eda y hora del acto que marcar\u00e1 la apertura de los trabajos en una de dos plantas a\u00fan no ha sido precisado, pero el senador de Peravia, Wilton Guerrero, inform\u00f3 ayer a LIST\u00cdN DIARIO que eso podr\u00eda ocurrir en los pr\u00f3ximos d\u00edas.<\/p>\n<\/p>\n<p>Respaldo<\/p>\n<p>Mientras tanto, catorce entidades agrupadas en el Bloque de Organizaciones del Distrito Municipal de Catalina  declararon ayer su respaldo pleno a la instalaci\u00f3n de la planta, tras destacar el impacto que esta obra tendr\u00e1 en el desarrollo de las comunidades vecinas y de toda la provincia Peravia. <\/p>\n<\/p>\n<p>Tambi\u00e9n, el Patronato de Catalina, presidido por Miguel  M\u00e1rtires Gonz\u00e1lez Lugo, manifest\u00f3 su apoyo incondicional a la obra de generaci\u00f3n de energ\u00eda el\u00e9ctrica en la zona. <\/p>\n<\/p>\n<p>El senador de Peravia, quien particip\u00f3 junto al empresario Jos\u00e9 Arismendy Tejada, presidente de la C\u00e1mara  de Comercio y Producci\u00f3n de Peravia, en el encuentro del presidente Medina con inversionistas brasile\u00f1os a los que se adjudic\u00f3 la instalaci\u00f3n de la planta a carb\u00f3n, dijo que el progreso de los peravianos est\u00e1 contenido en esta obra. <\/p>\n<\/p>\n<p> Guerrero indic\u00f3 que la poblaci\u00f3n est\u00e1 a la expectativa en torno a esta planta, por lo que esta significa para el futuro de todos sus habitantes, que genera cada d\u00eda m\u00e1s apoyo, \u00abporque se trata de un esfuerzo enorme del gobierno en la b\u00fasqueda de energ\u00eda barata para el pueblo\u00bb.<\/p>\n<\/p>\n<p> \u00abTodo est\u00e1 listo para que el presiente de la Rep\u00fablica inaugure este mes la planta a carb\u00f3n en Punta Catalina\u00bb, dijo el senador, quien destac\u00f3 que esta obra se convertir\u00e1 en un frente exitoso ante las alzas de los precios del petr\u00f3leo en el mercado internacional, que se refleja luego en la tarifa el\u00e9ctrica.  <\/p>\n<\/p>\n<p>Esta obra de infraestructura constituye una enorme y valiosa  fuente de empleos en la provincia Peravia y potenciar\u00e1 toda la estructura de la econom\u00eda, por lo que es momento de caminar todos juntos, sin vacilaci\u00f3n, para apoyarla con fuerza y permanencia, dijo Guerrero.<\/p>\n<h6> 2013-12-09 14:24:49 <\/h6>\n<p><!--\n<link rel=\"stylesheet\" href=\"css\/bootstrap.min.css\">\n\n\n<ul class=\"pagination\">\n\t    \n\t\n\n<li >\n\t<a href='?page_no=14127'>Previous<\/a>\n\t<\/li>\n\n\n       \n    \n\n<li><a href='?page_no=1'>1<\/a><\/li>\n\n\n\n<li><a href='?page_no=2'>2<\/a><\/li>\n\n\n\n<li><a>...<\/a><\/li>\n\n\n\n<li><a href='?page_no=14126'>14126<\/a><\/li>\n\n\n\n<li><a href='?page_no=14127'>14127<\/a><\/li>\n\n\n\n<li class='active'><a>14128<\/a><\/li>\n\n\n\n<li><a href='?page_no=14129'>14129<\/a><\/li>\n\n\n\n<li><a href='?page_no=14130'>14130<\/a><\/li>\n\n\n\n<li><a>...<\/a><\/li>\n\n\n\n<li><a href='?page_no=30472'>30472<\/a><\/li>\n\n\n\n<li><a href='?page_no=30473'>30473<\/a><\/li>\n\n    \n\t\n\n<li >\n\t<a href='?page_no=14129'>Next<\/a>\n\t<\/li>\n\n\n    \n\n<li><a href='?page_no=30473'>Last &rsaquo;&rsaquo;<\/a><\/li>\n\n<\/ul>\n\n\n--><br \/>\n<\/body><\/p>\n","protected":false},"excerpt":{"rendered":"<p>ESTE MES EN BAN\u00cd Anuncian trabajos de planta a carb\u00f3n en Punta Catalina, Ban\u00ed El senador Wilton Guerrero asegura que las plantas cumplir\u00e1n con las normas internacionales de protecci\u00f3n medioambiental. Guillermo P\u00e9rez Santo Domingo El presidenta Danilo Medina inaugurar\u00e1 este mes los trabajos que marcar\u00e1n la primera fase para la construcci\u00f3n de la planta a [&hellip;]<\/p>\n","protected":false},"author":3,"featured_media":0,"comment_status":"open","ping_status":"open","sticky":false,"template":"","format":"standard","meta":{"footnotes":""},"categories":[18],"tags":[],"class_list":["post-98585","post","type-post","status-publish","format-standard","hentry","category-economia"],"_links":{"self":[{"href":"https:\/\/diariodominicano.com\/index.php?rest_route=\/wp\/v2\/posts\/98585","targetHints":{"allow":["GET"]}}],"collection":[{"href":"https:\/\/diariodominicano.com\/index.php?rest_route=\/wp\/v2\/posts"}],"about":[{"href":"https:\/\/diariodominicano.com\/index.php?rest_route=\/wp\/v2\/types\/post"}],"author":[{"embeddable":true,"href":"https:\/\/diariodominicano.com\/index.php?rest_route=\/wp\/v2\/users\/3"}],"replies":[{"embeddable":true,"href":"https:\/\/diariodominicano.com\/index.php?rest_route=%2Fwp%2Fv2%2Fcomments&post=98585"}],"version-history":[{"count":0,"href":"https:\/\/diariodominicano.com\/index.php?rest_route=\/wp\/v2\/posts\/98585\/revisions"}],"wp:attachment":[{"href":"https:\/\/diariodominicano.com\/index.php?rest_route=%2Fwp%2Fv2%2Fmedia&parent=98585"}],"wp:term":[{"taxonomy":"category","embeddable":true,"href":"https:\/\/diariodominicano.com\/index.php?rest_route=%2Fwp%2Fv2%2Fcategories&post=98585"},{"taxonomy":"post_tag","embeddable":true,"href":"https:\/\/diariodominicano.com\/index.php?rest_route=%2Fwp%2Fv2%2Ftags&post=98585"}],"curies":[{"name":"wp","href":"https:\/\/api.w.org\/{rel}","templated":true}]}}