{"id":98584,"date":"2013-12-09T14:51:57","date_gmt":"2013-12-09T14:51:57","guid":{"rendered":"http:\/\/diariodominicano.ddns.net\/?p=98584"},"modified":"2013-12-09T14:51:57","modified_gmt":"2013-12-09T14:51:57","slug":"piden-a-funcionarios-coger-sena-a-danilo-medina-que-quiere-ayudar-a-pyme","status":"publish","type":"post","link":"https:\/\/diariodominicano.com\/?p=98584","title":{"rendered":"Piden a funcionarios coger \u00abse\u00f1a\u00bb a Danilo Medina, que quiere ayudar a pyme&#13;"},"content":{"rendered":"<p><body><\/p>\n<p><img decoding=\"async\" src=\"img3\/piden 9.jpg\" \/>  <\/p>\n<p>Santo Domingo RD 9 diciembre.- Directivos de la Asociaci\u00f3n de Micro, Peque\u00f1as y Medianas Empresa de Herrera y Provincia Santo Domingo (Asomipymeh) pidieron a los funcionarios que \u00abcojan la se\u00f1a\u00bb del presidente Danilo Medina, que quiere ayudar al sector de las mipyme, pero \u00abellos no bajan a la base\u00bb.<\/p>\n<\/p>\n<p>Al participar como invitados en el Encuentro Econ\u00f3mico de HOY, El\u00edas B\u00e1ez, presidente; Jos\u00e9 Alexis Rodr\u00edguez, asesor legal; Bol\u00edvar Rijo, vicepresidente; Carlos Vargas, tesorero, y Rafael Alix, encargado de Educaci\u00f3n y Formaci\u00f3n de Asomipymeh, consideraron que de nada sirven las intenciones del mandatario si los funcionarios no ejecutan las medidas tendentes a favorecer a las micro, peque\u00f1as y medianas empresas (mipyme)<\/p>\n<\/p>\n<p>Los directivos de Asomipymeh lamentaron que a diario se anuncien medidas para beneficiar a las mipyme, sin embargo estas se quedan \u00aben los peri\u00f3dicos y en las gavetas de los funcionarios\u00bb.<\/p>\n<\/p>\n<p>Entienden que el presidente Medina tiene las mejores intenciones, tras considerar que es un presidente que a venido a ayudar a los pobres, pero afirman que no pasa lo mismo con los funcionarios de su Gobierno, ya que estos \u00abno hacen lo que tienen que hacer\u00bb.<\/p>\n<\/p>\n<p>Citaron el ejemplo de que en Banca Solidaria el micro, peque\u00f1o o mediano empresario que va a buscar un pr\u00e9stamo, quiz\u00e1s logre que le aprueben s\u00f3lo un 10% del financiamiento solicitado, lo cual es \u00ednfimo para poder impulsar un negocio.<\/p>\n<\/p>\n<p>Asimismo indic\u00f3 que a trav\u00e9s de la Ley 488-08, que crea un \u00abR\u00e9gimen Regulatorio para el Desarrollo y Competitividad de las Micro, Peque\u00f1as y Medianas Empresas (Mipyme)\u00bb, establece la creaci\u00f3n de un fondo para ese sector, alimentado del Presupuesto Nacional y del Ministerio de Industria y Comercio, sin embargo esa medida no sea ejecutado.<\/p>\n<\/p>\n<p>Tambi\u00e9n criticaron que hace dos semanas se realiz\u00f3 una feria para las pyme, pero el d\u00eda de la inauguraci\u00f3n le fue impedida la entrada a peque\u00f1os empresarios que quer\u00edan estar en el acto, mientras los dem\u00e1s d\u00edas que dur\u00f3 la feria hab\u00eda cub\u00edculos de bancos, de empresas de telecomunicaciones, del Instituto Nacional de Formaci\u00f3n T\u00e9cnico Profesional (Infotep), pero no dispon\u00edan de un personal que verdaderamente le preste apoyo, ayuda, protecci\u00f3n y asesor\u00eda al sector. Para los directivos de Asomipymeh en el pa\u00eds la mayor\u00eda de los peque\u00f1os empresarios tienen que luchar por ellos mismos para lograr desarrollar sus negocios.<\/p>\n<\/p>\n<h6> 2013-12-09 14:51:57 <\/h6>\n<p><!--\n<link rel=\"stylesheet\" href=\"css\/bootstrap.min.css\">\n\n\n<ul class=\"pagination\">\n\t    \n\t\n\n<li >\n\t<a href='?page_no=14126'>Previous<\/a>\n\t<\/li>\n\n\n       \n    \n\n<li><a href='?page_no=1'>1<\/a><\/li>\n\n\n\n<li><a href='?page_no=2'>2<\/a><\/li>\n\n\n\n<li><a>...<\/a><\/li>\n\n\n\n<li><a href='?page_no=14125'>14125<\/a><\/li>\n\n\n\n<li><a href='?page_no=14126'>14126<\/a><\/li>\n\n\n\n<li class='active'><a>14127<\/a><\/li>\n\n\n\n<li><a href='?page_no=14128'>14128<\/a><\/li>\n\n\n\n<li><a href='?page_no=14129'>14129<\/a><\/li>\n\n\n\n<li><a>...<\/a><\/li>\n\n\n\n<li><a href='?page_no=30472'>30472<\/a><\/li>\n\n\n\n<li><a href='?page_no=30473'>30473<\/a><\/li>\n\n    \n\t\n\n<li >\n\t<a href='?page_no=14128'>Next<\/a>\n\t<\/li>\n\n\n    \n\n<li><a href='?page_no=30473'>Last &rsaquo;&rsaquo;<\/a><\/li>\n\n<\/ul>\n\n\n--><br \/>\n<\/body><\/p>\n","protected":false},"excerpt":{"rendered":"<p>Santo Domingo RD 9 diciembre.- Directivos de la Asociaci\u00f3n de Micro, Peque\u00f1as y Medianas Empresa de Herrera y Provincia Santo Domingo (Asomipymeh) pidieron a los funcionarios que \u00abcojan la se\u00f1a\u00bb del presidente Danilo Medina, que quiere ayudar al sector de las mipyme, pero \u00abellos no bajan a la base\u00bb. Al participar como invitados en el [&hellip;]<\/p>\n","protected":false},"author":3,"featured_media":0,"comment_status":"open","ping_status":"open","sticky":false,"template":"","format":"standard","meta":{"footnotes":""},"categories":[18],"tags":[],"class_list":["post-98584","post","type-post","status-publish","format-standard","hentry","category-economia"],"_links":{"self":[{"href":"https:\/\/diariodominicano.com\/index.php?rest_route=\/wp\/v2\/posts\/98584","targetHints":{"allow":["GET"]}}],"collection":[{"href":"https:\/\/diariodominicano.com\/index.php?rest_route=\/wp\/v2\/posts"}],"about":[{"href":"https:\/\/diariodominicano.com\/index.php?rest_route=\/wp\/v2\/types\/post"}],"author":[{"embeddable":true,"href":"https:\/\/diariodominicano.com\/index.php?rest_route=\/wp\/v2\/users\/3"}],"replies":[{"embeddable":true,"href":"https:\/\/diariodominicano.com\/index.php?rest_route=%2Fwp%2Fv2%2Fcomments&post=98584"}],"version-history":[{"count":0,"href":"https:\/\/diariodominicano.com\/index.php?rest_route=\/wp\/v2\/posts\/98584\/revisions"}],"wp:attachment":[{"href":"https:\/\/diariodominicano.com\/index.php?rest_route=%2Fwp%2Fv2%2Fmedia&parent=98584"}],"wp:term":[{"taxonomy":"category","embeddable":true,"href":"https:\/\/diariodominicano.com\/index.php?rest_route=%2Fwp%2Fv2%2Fcategories&post=98584"},{"taxonomy":"post_tag","embeddable":true,"href":"https:\/\/diariodominicano.com\/index.php?rest_route=%2Fwp%2Fv2%2Ftags&post=98584"}],"curies":[{"name":"wp","href":"https:\/\/api.w.org\/{rel}","templated":true}]}}