{"id":98583,"date":"2013-12-09T18:35:01","date_gmt":"2013-12-09T18:35:01","guid":{"rendered":"http:\/\/diariodominicano.ddns.net\/?p=98583"},"modified":"2013-12-09T18:35:01","modified_gmt":"2013-12-09T18:35:01","slug":"danilo-medina-envia-carta-al-presidente-obama-en-defensa-de-industria-textil-y-empleos-de-paises-del-dr-cafta","status":"publish","type":"post","link":"https:\/\/diariodominicano.com\/?p=98583","title":{"rendered":"Danilo Medina env\u00eda carta al Presidente Obama en defensa de industria textil y empleos de pa\u00edses del DR-CAFTA&#13;"},"content":{"rendered":"<p><body><\/p>\n<p><img decoding=\"async\" src=\"img3\/danilo.jpg\" \/>  <\/p>\n<p><span class=\"text1noticias\">Washington, D.C., 9 de Diciembre.-El pasado d\u00eda 27 de noviembre, el Presidente Danilo Medina envi\u00f3 una comunicaci\u00f3n al Presidente de los Estados Unidos, Barack Obama, mediante la cual reiter\u00f3 su preocupaci\u00f3n externada durante el encuentro sostenido en San Jos\u00e9, Costa Rica, el pasado mes de mayo, con relaci\u00f3n al impacto negativo que podr\u00eda tener el Tratado Trans-Pac\u00edfico de Asociaci\u00f3n Econ\u00f3mica (TPP), en la industria de textil y de vestuario en los pa\u00edses signatarios del DR-CAFTA y la regi\u00f3n, si se acuerdan ciertas concesiones especiales que podr\u00edan provocar cambios en la direcci\u00f3n y valores del comercio hemisf\u00e9rico, y a nivel mundial. <\/span><\/p>\n<\/p>\n<p><span class=\"text1noticias\">El TPP es negociado por los Estados Unidos con M\u00e9xico, Singapur, Per\u00fa, Nueva Zelanda, Malasia, Chile, Brun\u00e9i, Jap\u00f3n, Vietnam, Canad\u00e1 y Australia.<\/span><\/p>\n<p><span class=\"text1noticias\"> \t<\/span><\/p>\n<p><span class=\"text1noticias\">Manifest\u00f3 su preocupaci\u00f3n por la inestabilidad econ\u00f3mica y social que podr\u00eda generarse en la regi\u00f3n, en caso de alterarse la cadena de suministro de textiles y vestuarios, formulada con gran cuidado en el marco del DR-CAFTA. Este delicado equilibrio, basado en gran parte en la manufactura estadounidense de hilos y telas y complementado por la producci\u00f3n de vestuario en nuestra regi\u00f3n, ha sido determinante en el fortalecimiento y aumento de la competitividad de la cadena de suministro de vestuario y textiles en la regi\u00f3n. Adem\u00e1s, ha contribuido en gran medida a la atracci\u00f3n de la inversi\u00f3n extranjera a nuestra regi\u00f3n, permitiendo  a nuestras industrias ofrecer productos cada vez de mayor valor agregado y mayores ofertas de empleos, principalmente a mujeres.<\/span><\/p>\n<p><span class=\"text1noticias\"> <\/span><\/p>\n<p><span class=\"text1noticias\">En su carta, el Presidente Medina, en el esp\u00edritu de seguir reforzando nuestra asociaci\u00f3n estrat\u00e9gica en el Hemisferio Occidental, solicita respetuosamente a las autoridades de los Estados Unidos que consideren mantener en el TPP, la integridad de la regla de origen \u00abyarn forward rule\u00bb (a partir de los hilados), para los productos textiles y prendas de vestir, con una lista de escaso abastecimiento limitada, as\u00ed como plazos de desgravaci\u00f3n arancelarios amplios para todos los productos sensibles de nuestra regi\u00f3n. Sin esto, los productos que provienen de un pa\u00eds como Vietnam tendr\u00edan acceso al mercado estadounidense libre de aranceles, utilizando insumos de pa\u00edses que no forman parte del acuerdo TPP como la China. <\/span><\/p>\n<p><span class=\"text1noticias\"> <\/span><\/p>\n<p><span class=\"text1noticias\">Destac\u00f3 que la regi\u00f3n del DR-CAFTA constituye  el segundo mayor mercado para las exportaciones de hilos y telas estadounidenses, y que las prendas de vestir confeccionadas en la Rep\u00fablica Dominicana y el resto de la regi\u00f3n e importadas por los Estados Unidos, cuentan en promedio  con cerca de un  70 % de contenido de materia prima estadounidense. Igualmente, destac\u00f3 que los pa\u00edses de la regi\u00f3n han implementado importantes ajustes para abrir sus econom\u00edas, con el fin de competir a nivel mundial en un campo de juego justo y nivelado. En este sentido, se comprometi\u00f3 a seguir trabajando por el crecimiento econ\u00f3mico y la estabilidad social de nuestra regi\u00f3n.<\/span><\/p>\n<p><span class=\"text1noticias\"> <\/span><\/p>\n<p><span class=\"text1noticias\">Hay que destacar que, luego de una ca\u00edda en los niveles de producci\u00f3n y de comercio con los Estados Unidos de Am\u00e9rica, la regi\u00f3n ha experimentado en los \u00faltimos a\u00f1os una recuperaci\u00f3n importante, principalmente gracias al acuerdo DR-CAFTA. La industria textil de los Estados Unidos experiment\u00f3 un record en cuanto a sus exportaciones en el a\u00f1o 2012, con un monto de unos 23 mil millones de d\u00f3lares, de los cuales 70% fue exportado a nuestro hemisferio, incluyendo los pa\u00edses miembros del DR-CAFTA. Para el a\u00f1o 2012, la Rep\u00fablica Dominicana represent\u00f3 el quinto mayor mercado de exportaci\u00f3n de estos productos.(HG)<\/span>.<\/p>\n<\/p>\n<h6> 2013-12-09 18:35:01 <\/h6>\n<p><!--\n<link rel=\"stylesheet\" href=\"css\/bootstrap.min.css\">\n\n\n<ul class=\"pagination\">\n\t    \n\t\n\n<li >\n\t<a href='?page_no=14125'>Previous<\/a>\n\t<\/li>\n\n\n       \n    \n\n<li><a href='?page_no=1'>1<\/a><\/li>\n\n\n\n<li><a href='?page_no=2'>2<\/a><\/li>\n\n\n\n<li><a>...<\/a><\/li>\n\n\n\n<li><a href='?page_no=14124'>14124<\/a><\/li>\n\n\n\n<li><a href='?page_no=14125'>14125<\/a><\/li>\n\n\n\n<li class='active'><a>14126<\/a><\/li>\n\n\n\n<li><a href='?page_no=14127'>14127<\/a><\/li>\n\n\n\n<li><a href='?page_no=14128'>14128<\/a><\/li>\n\n\n\n<li><a>...<\/a><\/li>\n\n\n\n<li><a href='?page_no=30472'>30472<\/a><\/li>\n\n\n\n<li><a href='?page_no=30473'>30473<\/a><\/li>\n\n    \n\t\n\n<li >\n\t<a href='?page_no=14127'>Next<\/a>\n\t<\/li>\n\n\n    \n\n<li><a href='?page_no=30473'>Last &rsaquo;&rsaquo;<\/a><\/li>\n\n<\/ul>\n\n\n--><br \/>\n<\/body><\/p>\n","protected":false},"excerpt":{"rendered":"<p>Washington, D.C., 9 de Diciembre.-El pasado d\u00eda 27 de noviembre, el Presidente Danilo Medina envi\u00f3 una comunicaci\u00f3n al Presidente de los Estados Unidos, Barack Obama, mediante la cual reiter\u00f3 su preocupaci\u00f3n externada durante el encuentro sostenido en San Jos\u00e9, Costa Rica, el pasado mes de mayo, con relaci\u00f3n al impacto negativo que podr\u00eda tener el [&hellip;]<\/p>\n","protected":false},"author":3,"featured_media":0,"comment_status":"open","ping_status":"open","sticky":false,"template":"","format":"standard","meta":{"footnotes":""},"categories":[18],"tags":[],"class_list":["post-98583","post","type-post","status-publish","format-standard","hentry","category-economia"],"_links":{"self":[{"href":"https:\/\/diariodominicano.com\/index.php?rest_route=\/wp\/v2\/posts\/98583","targetHints":{"allow":["GET"]}}],"collection":[{"href":"https:\/\/diariodominicano.com\/index.php?rest_route=\/wp\/v2\/posts"}],"about":[{"href":"https:\/\/diariodominicano.com\/index.php?rest_route=\/wp\/v2\/types\/post"}],"author":[{"embeddable":true,"href":"https:\/\/diariodominicano.com\/index.php?rest_route=\/wp\/v2\/users\/3"}],"replies":[{"embeddable":true,"href":"https:\/\/diariodominicano.com\/index.php?rest_route=%2Fwp%2Fv2%2Fcomments&post=98583"}],"version-history":[{"count":0,"href":"https:\/\/diariodominicano.com\/index.php?rest_route=\/wp\/v2\/posts\/98583\/revisions"}],"wp:attachment":[{"href":"https:\/\/diariodominicano.com\/index.php?rest_route=%2Fwp%2Fv2%2Fmedia&parent=98583"}],"wp:term":[{"taxonomy":"category","embeddable":true,"href":"https:\/\/diariodominicano.com\/index.php?rest_route=%2Fwp%2Fv2%2Fcategories&post=98583"},{"taxonomy":"post_tag","embeddable":true,"href":"https:\/\/diariodominicano.com\/index.php?rest_route=%2Fwp%2Fv2%2Ftags&post=98583"}],"curies":[{"name":"wp","href":"https:\/\/api.w.org\/{rel}","templated":true}]}}