{"id":98581,"date":"2013-12-09T19:02:19","date_gmt":"2013-12-09T19:02:19","guid":{"rendered":"http:\/\/diariodominicano.ddns.net\/?p=98581"},"modified":"2013-12-09T19:02:19","modified_gmt":"2013-12-09T19:02:19","slug":"pro-consumidor-realizaencuentro-con-vendedores-de-san-juan-de-la-maguana-por-una-navidad-mas-saludable","status":"publish","type":"post","link":"https:\/\/diariodominicano.com\/?p=98581","title":{"rendered":"Pro Consumidor realizaencuentro con vendedores de San Juan de la Maguana,  por una \u00abNavidad m\u00e1s Saludable\u00bb"},"content":{"rendered":"<p><body><\/p>\n<p><img decoding=\"async\" src=\"img3\/encuentro.jpg\" \/>  <\/p>\n<p><span class=\"text1noticias\">Santo Domingo, RD, 9 de Diciembre.-Pro Consumidor realiz\u00f3 en San Juan de la Maguana, un encuentro-taller  con  vendedores de alimentos y bebidas  de las v\u00edas p\u00fablicas, con motivo de las festividades navide\u00f1as, para que en sus ventas no afecten la salud de los consumidores.<\/span><\/p>\n<\/p>\n<p><span class=\"text1noticias\">Con el t\u00edtulo \u00abContribuyendo a la Adopci\u00f3n de una Cultura Alimentaria Basada en la Inocuidad\u00bbla licenciada  Rita Gonz\u00e1lez, Subdirectora T\u00e9cnica de Pro Consumidor, orient\u00f3 a los venduteros sobre la importancia de contribuir a que los productos que lleguen al consumidor final tengan garant\u00eda de calidad, inocuidad y preserven la salud de la poblaci\u00f3n.<\/span><\/p>\n<\/p>\n<p><span class=\"text1noticias\">Durante el taller realizado el pasado viernes, se les proporcion\u00f3 a  los vendedores informales,herramientas y medidas necesarias, para mejorar los procesos de manipulaci\u00f3n de comidas y bebidas en las calles.<\/span><\/p>\n<\/p>\n<p><span class=\"text1noticias\">En ese mismo orden, fueron  capacitados sobre los contaminantes  f\u00edsicos y qu\u00edmicos presentes en los alimentos, la contaminaci\u00f3n cruzada por el uso de pesticidas y la identificaci\u00f3n de las buenas pr\u00e1cticas que ponen en inocuidad los alimentos.<\/span><\/p>\n<\/p>\n<p><span class=\"text1noticias\">La Encargada de la Oficina regional deesta provincia,doctora Adrianina Caama\u00f1o, expres\u00f3 que Pro Consumidor tiene la labor de orientar  a los vendedores a que las ventas sean  competitivas, organizadas y a que se vendan productos inocuos para garantizar la buena salud de los consumidores.<\/span><\/p>\n<p><span class=\"text1noticias\">En el taller se inform\u00f3 que Patronato contribuir\u00e1  con la vigilancia de estos servicios de consumo.<\/span><\/p>\n<\/p>\n<p><span class=\"text1noticias\">En la actividad participaron el Director Provincial de Medio Ambiente, licenciado Pedro Beato;la Directora Regional del Instituto Nacional de Alcantarillado (INAPA), ingeniera Yara F\u00e9lix;el Coordinador de Salud Ambiental de Salud P\u00fablica, doctor Bienvenido B\u00e1ez y el Presidente del Comit\u00e9 de Defensa en San Juan yJos\u00e9 Agusto Franco Bid\u00f3.(HG)<\/span>. <\/p>\n<\/p>\n<h6> 2013-12-09 19:02:19 <\/h6>\n<p><!--\n<link rel=\"stylesheet\" href=\"css\/bootstrap.min.css\">\n\n\n<ul class=\"pagination\">\n\t    \n\t\n\n<li >\n\t<a href='?page_no=14123'>Previous<\/a>\n\t<\/li>\n\n\n       \n    \n\n<li><a href='?page_no=1'>1<\/a><\/li>\n\n\n\n<li><a href='?page_no=2'>2<\/a><\/li>\n\n\n\n<li><a>...<\/a><\/li>\n\n\n\n<li><a href='?page_no=14122'>14122<\/a><\/li>\n\n\n\n<li><a href='?page_no=14123'>14123<\/a><\/li>\n\n\n\n<li class='active'><a>14124<\/a><\/li>\n\n\n\n<li><a href='?page_no=14125'>14125<\/a><\/li>\n\n\n\n<li><a href='?page_no=14126'>14126<\/a><\/li>\n\n\n\n<li><a>...<\/a><\/li>\n\n\n\n<li><a href='?page_no=30472'>30472<\/a><\/li>\n\n\n\n<li><a href='?page_no=30473'>30473<\/a><\/li>\n\n    \n\t\n\n<li >\n\t<a href='?page_no=14125'>Next<\/a>\n\t<\/li>\n\n\n    \n\n<li><a href='?page_no=30473'>Last &rsaquo;&rsaquo;<\/a><\/li>\n\n<\/ul>\n\n\n--><br \/>\n<\/body><\/p>\n","protected":false},"excerpt":{"rendered":"<p>Santo Domingo, RD, 9 de Diciembre.-Pro Consumidor realiz\u00f3 en San Juan de la Maguana, un encuentro-taller con vendedores de alimentos y bebidas de las v\u00edas p\u00fablicas, con motivo de las festividades navide\u00f1as, para que en sus ventas no afecten la salud de los consumidores. Con el t\u00edtulo \u00abContribuyendo a la Adopci\u00f3n de una Cultura Alimentaria [&hellip;]<\/p>\n","protected":false},"author":3,"featured_media":0,"comment_status":"open","ping_status":"open","sticky":false,"template":"","format":"standard","meta":{"footnotes":""},"categories":[18],"tags":[],"class_list":["post-98581","post","type-post","status-publish","format-standard","hentry","category-economia"],"_links":{"self":[{"href":"https:\/\/diariodominicano.com\/index.php?rest_route=\/wp\/v2\/posts\/98581","targetHints":{"allow":["GET"]}}],"collection":[{"href":"https:\/\/diariodominicano.com\/index.php?rest_route=\/wp\/v2\/posts"}],"about":[{"href":"https:\/\/diariodominicano.com\/index.php?rest_route=\/wp\/v2\/types\/post"}],"author":[{"embeddable":true,"href":"https:\/\/diariodominicano.com\/index.php?rest_route=\/wp\/v2\/users\/3"}],"replies":[{"embeddable":true,"href":"https:\/\/diariodominicano.com\/index.php?rest_route=%2Fwp%2Fv2%2Fcomments&post=98581"}],"version-history":[{"count":0,"href":"https:\/\/diariodominicano.com\/index.php?rest_route=\/wp\/v2\/posts\/98581\/revisions"}],"wp:attachment":[{"href":"https:\/\/diariodominicano.com\/index.php?rest_route=%2Fwp%2Fv2%2Fmedia&parent=98581"}],"wp:term":[{"taxonomy":"category","embeddable":true,"href":"https:\/\/diariodominicano.com\/index.php?rest_route=%2Fwp%2Fv2%2Fcategories&post=98581"},{"taxonomy":"post_tag","embeddable":true,"href":"https:\/\/diariodominicano.com\/index.php?rest_route=%2Fwp%2Fv2%2Ftags&post=98581"}],"curies":[{"name":"wp","href":"https:\/\/api.w.org\/{rel}","templated":true}]}}