{"id":98579,"date":"2013-12-09T20:09:04","date_gmt":"2013-12-09T20:09:04","guid":{"rendered":"http:\/\/diariodominicano.ddns.net\/?p=98579"},"modified":"2013-12-09T20:09:04","modified_gmt":"2013-12-09T20:09:04","slug":"gobierno-ha-facilitado-para-el-credito-de-las-pymes-alrededor-de-rd7000-millones","status":"publish","type":"post","link":"https:\/\/diariodominicano.com\/?p=98579","title":{"rendered":"Gobierno ha facilitado para el cr\u00e9dito de las PYMES alrededor de RD$7,000 millones"},"content":{"rendered":"<p><body><\/p>\n<p><img decoding=\"async\" src=\"img3\/ignacio.jpg\" \/>  <\/p>\n<p><span class=\"text1noticias\">Santo Domingo, RD, 9 de Diciembre.-El viceministro de Industria y Comercio para el Fomento de la Peque\u00f1a y Mediana Empresa, Ignacio M\u00e9ndez inform\u00f3 que Gobierno ha facilitado para el cr\u00e9dito de las micros, peque\u00f1as y medianas empresas alrededor de RD$7,000 millones.<\/span><\/p>\n<\/p>\n<p><span class=\"text1noticias\">Entrevistado por el periodista Federico M\u00e9ndez, en el programa Esferas de Poder, que se transmite los domingos de 5:00 a 6:00 de la tarde, por Santo Domingo TV, afirm\u00f3 que en el tema del financiamiento se ha hecho una gran labor, porque ha fluido el dinero como nunca antes.<\/span><\/p>\n<\/p>\n<p><span class=\"text1noticias\">Asimismo, revel\u00f3 que el Banco Interamericano de Desarrollo (BID) aprob\u00f3 un fondo de garant\u00edas y fue revisado todo el andamiaje legal para el procedimiento y estructura.<\/span><\/p>\n<\/p>\n<p><span class=\"text1noticias\">M\u00e9ndez adelant\u00f3 que fue revisado por el Fondo de Garant\u00edas de Chile, que otorg\u00f3 el aval, y el equipo del BID, lo que ser\u00e1 el primer fondo de garant\u00edas para las micros, peque\u00f1as y medianas empresas de la Rep\u00fablica Dominicana.<\/span><\/p>\n<\/p>\n<p><span class=\"text1noticias\">\u00abO sea, ya est\u00e1 todo, esperando el desembolso de los fondos en los primeros meses del a\u00f1o y la contrapartida del Gobierno\u00bb, acot\u00f3.<\/span><\/p>\n<\/p>\n<p><span class=\"text1noticias\">Dijo que el objetivo del fondo de garant\u00edas es dar una respuesta a los bancos ante cualquier inconveniente con el pago que puedan tener los micros, peque\u00f1os y medianos empresarios.<\/span><\/p>\n<\/p>\n<p><span class=\"text1noticias\">Para ello hay que pedir avales al fondo, con el prop\u00f3sito de que el banco pueda materializar el pr\u00e9stamo, por lo que cree que mucha gente que no ha podido, va a tener acceso al financiamiento.<\/span><\/p>\n<\/p>\n<p><span class=\"text1noticias\">Revel\u00f3 que el Banco de Reservas ha facilitado RD$2,000 millones en pr\u00e9stamos a empresas y la Fundaci\u00f3n Reservas de tu Pa\u00eds unos RD$400 millones, como banca de segundo piso, a Ongs y cooperativas, a los fines de que estas instituciones de microfinanzas sigan otorgando microfinanciamientos.<\/span><\/p>\n<\/p>\n<p><span class=\"text1noticias\">M\u00e9ndez resalt\u00f3 la labor que a favor de ese sector est\u00e1 haciendo la Banca Solidaria en los barrios de la Capital y las ciudades m\u00e1s importantes del pa\u00eds.<\/span><\/p>\n<\/p>\n<p><span class=\"text1noticias\">Indic\u00f3 que a las personas que reciben los recursos se les da una capacitaci\u00f3n previa de c\u00f3mo manejar ese dinero, lo cual incide directamente en las comunidades.<\/span><\/p>\n<\/p>\n<p><span class=\"text1noticias\">Admiti\u00f3 que hay gentes que han solicitado y no se le ha otorgado financiamiento, otros no han podido, querido o aplicado, de lo cual las autoridades est\u00e1n conscientes.<\/span><\/p>\n<\/p>\n<p><span class=\"text1noticias\">M\u00e9ndez sostuvo que las regulaciones financieras que existen actualmente no les permite llegar m\u00e1s all\u00e1, por lo que seguir\u00e1n haciendo el esfuerzo con lo que hay.<\/span><\/p>\n<\/p>\n<p><span class=\"text1noticias\"> <\/span><\/p>\n<\/p>\n<p><span class=\"text1noticias\">\u00abPara ese blanco de p\u00fablico que no ha podido tener acceso al financiamiento todav\u00eda, esas son de las cosas que vamos a ver en el 2014, porque estamos trabajando con ese aspecto como uno de los principales\u00bb, agreg\u00f3.<\/span><\/p>\n<p><span class=\"text1noticias\"> <\/span><\/p>\n<p><span class=\"text1noticias\">\u00abYo estoy satisfecho, realmente, con lo que hemos logrado, ha sido un a\u00f1o y pico de mucho trabajo, sobre todo, hacer un Viceministerio donde no exist\u00eda\u00bb, sostuvo.<\/span><\/p>\n<\/p>\n<p><span class=\"text1noticias\">M\u00e9ndez manifest\u00f3 que le ha tomado m\u00e1s tiempo el tratar de coordinar todo el accionar de muchas instituciones, tanto de los sectores p\u00fablico como privado y cooperaci\u00f3n internacional que ten\u00edan planes, proyectos y algunas estrategias con relaci\u00f3n a los micros, peque\u00f1as y medianas empresas.<\/span><\/p>\n<\/p>\n<p><span class=\"text1noticias\">Coment\u00f3 que el objetivo que tiene el Gobierno del presidente Danilo Medina es que se cumpla la estrategia hacia las Pymes, con el objetivo de que al final el sector se vea empoderado de su propio futuro.<\/span><\/p>\n<\/p>\n<p><span class=\"text1noticias\">Asimismo, dijo que la finalidad es que hacer negocios para las mipymes sea una actividad interesante, donde el emprendimiento reciba respaldado.<\/span><\/p>\n<\/p>\n<p><span class=\"text1noticias\">\u00abCreo que est\u00e1 a la luz de todo el mundo, el ver la estrategia clara que tenemos con el apoyo al emprendimiento, de apoyar la creaci\u00f3n de nuevos esquemas, nuevos negocios, de ideas innovadoras\u00bb, expuso.<\/span><\/p>\n<\/p>\n<p><span class=\"text1noticias\">El funcionario precis\u00f3 que nunca se hab\u00eda facilitado de forma gratuita m\u00e1s de US$240,000, sin pedir nada a cambio, a 35 nuevos emprendedores dominicanos, para aprender planes de c\u00f3mo preparar sus negocios y ayudarlos a integrar sus compa\u00f1\u00edas.<\/span><\/p>\n<\/p>\n<p><span class=\"text1noticias\">\u00abEsos 35 nuevos emprendedores dominicanos tienen un capital semilla de US$7,000, que fue hecho realidad a trav\u00e9s de este programa del Ministerio (de Industria y Comercio), con el apoyo, obviamente, del Centro para la Promoci\u00f3n de la Micro y Peque\u00f1a Empresa de la Regi\u00f3n del Sica y de Taiw\u00e1n\u00bb, argument\u00f3.<\/span><\/p>\n<\/p>\n<p><span class=\"text1noticias\">Los suplidores del Estado<\/span><\/p>\n<p><span class=\"text1noticias\"> <\/span><\/p>\n<p><span class=\"text1noticias\">El viceministro de Fomento de las Pymes asegur\u00f3 que nadie puede discutir que en lugar de una docena de personas que eran suplidores habituales del Estado, actualmente se han multiplicado por decenas de miles de mipymes que le est\u00e1n sirviendo al erario p\u00fablico.<\/span><\/p>\n<\/p>\n<p><span class=\"text1noticias\">M\u00e9ndez observ\u00f3 que no solamente son suplidores del Estado, sino que est\u00e1n recibiendo un 20% de avances para iniciar el proceso de lo que van a suministrar.<\/span><\/p>\n<\/p>\n<p><span class=\"text1noticias\">Con respecto a la capacitaci\u00f3n, afirm\u00f3 que 400 empresas que han recibido asistencia t\u00e9cnicas, con la participaci\u00f3n de asesores individuales que buscan resolver una necesidad espec\u00edfica de \u00e9stas.<\/span><\/p>\n<\/p>\n<p><span class=\"text1noticias\">\u00abTenemos cerca de 200 m\u00e1s para reiniciar la pr\u00f3xima semana y hemos capacitado miles de empleados y empresarios, en temas de capacitaciones varias, de contabilidad y de c\u00f3mo manejar el invernadero\u00bb, subray\u00f3.(HG)<\/span>.<\/p>\n<h6> 2013-12-09 20:09:04 <\/h6>\n<p><!--\n<link rel=\"stylesheet\" href=\"css\/bootstrap.min.css\">\n\n\n<ul class=\"pagination\">\n\t    \n\t\n\n<li >\n\t<a href='?page_no=14121'>Previous<\/a>\n\t<\/li>\n\n\n       \n    \n\n<li><a href='?page_no=1'>1<\/a><\/li>\n\n\n\n<li><a href='?page_no=2'>2<\/a><\/li>\n\n\n\n<li><a>...<\/a><\/li>\n\n\n\n<li><a href='?page_no=14120'>14120<\/a><\/li>\n\n\n\n<li><a href='?page_no=14121'>14121<\/a><\/li>\n\n\n\n<li class='active'><a>14122<\/a><\/li>\n\n\n\n<li><a href='?page_no=14123'>14123<\/a><\/li>\n\n\n\n<li><a href='?page_no=14124'>14124<\/a><\/li>\n\n\n\n<li><a>...<\/a><\/li>\n\n\n\n<li><a href='?page_no=30472'>30472<\/a><\/li>\n\n\n\n<li><a href='?page_no=30473'>30473<\/a><\/li>\n\n    \n\t\n\n<li >\n\t<a href='?page_no=14123'>Next<\/a>\n\t<\/li>\n\n\n    \n\n<li><a href='?page_no=30473'>Last &rsaquo;&rsaquo;<\/a><\/li>\n\n<\/ul>\n\n\n--><br \/>\n<\/body><\/p>\n","protected":false},"excerpt":{"rendered":"<p>Santo Domingo, RD, 9 de Diciembre.-El viceministro de Industria y Comercio para el Fomento de la Peque\u00f1a y Mediana Empresa, Ignacio M\u00e9ndez inform\u00f3 que Gobierno ha facilitado para el cr\u00e9dito de las micros, peque\u00f1as y medianas empresas alrededor de RD$7,000 millones. Entrevistado por el periodista Federico M\u00e9ndez, en el programa Esferas de Poder, que se [&hellip;]<\/p>\n","protected":false},"author":3,"featured_media":0,"comment_status":"open","ping_status":"open","sticky":false,"template":"","format":"standard","meta":{"footnotes":""},"categories":[18],"tags":[],"class_list":["post-98579","post","type-post","status-publish","format-standard","hentry","category-economia"],"_links":{"self":[{"href":"https:\/\/diariodominicano.com\/index.php?rest_route=\/wp\/v2\/posts\/98579","targetHints":{"allow":["GET"]}}],"collection":[{"href":"https:\/\/diariodominicano.com\/index.php?rest_route=\/wp\/v2\/posts"}],"about":[{"href":"https:\/\/diariodominicano.com\/index.php?rest_route=\/wp\/v2\/types\/post"}],"author":[{"embeddable":true,"href":"https:\/\/diariodominicano.com\/index.php?rest_route=\/wp\/v2\/users\/3"}],"replies":[{"embeddable":true,"href":"https:\/\/diariodominicano.com\/index.php?rest_route=%2Fwp%2Fv2%2Fcomments&post=98579"}],"version-history":[{"count":0,"href":"https:\/\/diariodominicano.com\/index.php?rest_route=\/wp\/v2\/posts\/98579\/revisions"}],"wp:attachment":[{"href":"https:\/\/diariodominicano.com\/index.php?rest_route=%2Fwp%2Fv2%2Fmedia&parent=98579"}],"wp:term":[{"taxonomy":"category","embeddable":true,"href":"https:\/\/diariodominicano.com\/index.php?rest_route=%2Fwp%2Fv2%2Fcategories&post=98579"},{"taxonomy":"post_tag","embeddable":true,"href":"https:\/\/diariodominicano.com\/index.php?rest_route=%2Fwp%2Fv2%2Ftags&post=98579"}],"curies":[{"name":"wp","href":"https:\/\/api.w.org\/{rel}","templated":true}]}}