{"id":98578,"date":"2013-12-09T20:11:29","date_gmt":"2013-12-09T20:11:29","guid":{"rendered":"http:\/\/diariodominicano.ddns.net\/?p=98578"},"modified":"2013-12-09T20:11:29","modified_gmt":"2013-12-09T20:11:29","slug":"dicen-comercio-se-dinamiza-ponderan-medidas-gobierno","status":"publish","type":"post","link":"https:\/\/diariodominicano.com\/?p=98578","title":{"rendered":"Dicen comercio se dinamiza, ponderan medidas gobierno&#13;"},"content":{"rendered":"<p><body><\/p>\n<p><span class=\"text1noticias\">Santo Domingo, RD, 9 de Diciembre.-Debido a la inyecci\u00f3n por parte del gobierno de unos 50 mil millones de pesos en la entrega del doble sueldo a m\u00e1s de 456 mil empleados p\u00fablicos, las actividades comerciales se activaron durante el pasado fin de semana en la avenida Duarte y Villa Consuelo, las m\u00e1s importantes arterias comerciales de la Capital, as\u00ed como en grandes plazas.<\/span><\/p>\n<\/p>\n<p><span class=\"text1noticias\">Propietarios, gerentes y dirigentes comerciales afirmaron que  han visto incrementar sus ventas entre un 20 y 30 por ciento m\u00e1s de lo acostumbrado y se mantienen a la expectativa de que mejorar\u00e1n  m\u00e1s cuando el sector privado pague a sus empleados  la regal\u00eda pascual.<\/span><\/p>\n<\/p>\n<p><span class=\"text1noticias\">Consultados sobre el particular, Mario Chabebe, presidente de la Asociaci\u00f3n de Comerciantes Importadores de Villa Consuelo y Manolito Fern\u00e1ndez, ex presidente de la Asociaci\u00f3n de Comerciantes de la Avenida Duarte y gerente de tienda La Gran V\u00eda, calificaron de muy buenas las ventas de los \u00faltimos d\u00edas.<\/span><\/p>\n<\/p>\n<p><span class=\"text1noticias\">Ambos coincidieron en el sentido de que \u00abhay buen ambiente y ser\u00e1 mejor\u00bb, al tiempo que ampliar\u00e1n las ofertas de mercanc\u00edas.  Entre las m\u00e1s buscadas citaron las prendas de vestir, as\u00ed como art\u00edculos ferreteros y del hogar, entre otros.   <\/span><\/p>\n<\/p>\n<p><span class=\"text1noticias\">Ponderaron el hecho de que las autoridades hayan dispuesto m\u00e1s de RD$50,000 millones en la calle y el pago del doble sueldo a tiempo, con lo cual se ha dinamizado la econom\u00eda en el pa\u00eds. <\/span><\/p>\n<\/p>\n<p><span class=\"text1noticias\">\u00abEl mercado estaba m\u00e1s que necesitado, pues en los \u00faltimos d\u00edas est\u00e1bamos \u00e1vidos de circulante, eso va a contribuir a que el comercio se dinamice, tanto en los peque\u00f1os negocios como en los grandes, que es lo que el empresariado necesita para poder cerrar su a\u00f1o\u00bb, puntualiz\u00f3 Chabebe. <\/span><\/p>\n<p><span class=\"text1noticias\">  <\/span><\/p>\n<p><span class=\"text1noticias\">De su lado, Fern\u00e1ndez destac\u00f3 que desde antes del pago la gente empez\u00f3 a hacer sus compras y  que algo muy importante  es que la gente no se est\u00e1 quejando de los precios, porque los productos entraron antes que  empezara a aplicarse el paquetazo fiscal\u00bb.<\/span><\/p>\n<\/p>\n<p><span class=\"text1noticias\">\u00abEfectivamente, desde mediados de la semana empezamos a recibir a m\u00e1s personas, la gente est\u00e1 comprando mucho, vemos rostros alegres lo cual  era muy com\u00fan en estos \u00faltimos meses y visualizamos un fin de a\u00f1o muy bueno en las ventas de la tienda\u00bb, dijo Fern\u00e1ndez.<\/span><\/p>\n<\/p>\n<p><span class=\"text1noticias\">En tanto que Chabebe ponder\u00f3 el operativo \u00abNavidad Tranquila\u00bb que desarrolla la Polic\u00eda Nacional (PN), el cual consiste en enviar a las calles durante el periodo a m\u00e1s de 10 mil agentes, debido a que para la \u00e9poca va a circular mucho dinero, lo que obliga a incrementar las medidas de seguridad.<\/span><\/p>\n<\/p>\n<p><span class=\"text1noticias\">En ese sentido agreg\u00f3 \u00abSaludamos en su justa medida y valoramos esta iniciativa que constituye una muestra m\u00e1s del mayor general Castro Castillo, asistiendo a decisiones del presidente Danilo Medina de enviar estos agentes a la calle, lo que muestra que las autoridades est\u00e1n interesadas en la seguridad ciudadana\u00bb, sostuvo.<\/span><\/p>\n<\/p>\n<p><span class=\"text1noticias\">Asimismo indic\u00f3 que  ve con buenos ojos la iniciativa, y que la entidad que preside siempre ha sido ejemplo, tenido una pol\u00edtica clara de soporte de la instituci\u00f3n del orden p\u00fablico y a las medidas que van en beneficio de la ciudadan\u00eda.(HG)<\/span>.<\/p>\n<h6> 2013-12-09 20:11:29 <\/h6>\n<p><!--\n<link rel=\"stylesheet\" href=\"css\/bootstrap.min.css\">\n\n\n<ul class=\"pagination\">\n\t    \n\t\n\n<li >\n\t<a href='?page_no=14120'>Previous<\/a>\n\t<\/li>\n\n\n       \n    \n\n<li><a href='?page_no=1'>1<\/a><\/li>\n\n\n\n<li><a href='?page_no=2'>2<\/a><\/li>\n\n\n\n<li><a>...<\/a><\/li>\n\n\n\n<li><a href='?page_no=14119'>14119<\/a><\/li>\n\n\n\n<li><a href='?page_no=14120'>14120<\/a><\/li>\n\n\n\n<li class='active'><a>14121<\/a><\/li>\n\n\n\n<li><a href='?page_no=14122'>14122<\/a><\/li>\n\n\n\n<li><a href='?page_no=14123'>14123<\/a><\/li>\n\n\n\n<li><a>...<\/a><\/li>\n\n\n\n<li><a href='?page_no=30472'>30472<\/a><\/li>\n\n\n\n<li><a href='?page_no=30473'>30473<\/a><\/li>\n\n    \n\t\n\n<li >\n\t<a href='?page_no=14122'>Next<\/a>\n\t<\/li>\n\n\n    \n\n<li><a href='?page_no=30473'>Last &rsaquo;&rsaquo;<\/a><\/li>\n\n<\/ul>\n\n\n--><br \/>\n<\/body><\/p>\n","protected":false},"excerpt":{"rendered":"<p>Santo Domingo, RD, 9 de Diciembre.-Debido a la inyecci\u00f3n por parte del gobierno de unos 50 mil millones de pesos en la entrega del doble sueldo a m\u00e1s de 456 mil empleados p\u00fablicos, las actividades comerciales se activaron durante el pasado fin de semana en la avenida Duarte y Villa Consuelo, las m\u00e1s importantes arterias [&hellip;]<\/p>\n","protected":false},"author":3,"featured_media":0,"comment_status":"open","ping_status":"open","sticky":false,"template":"","format":"standard","meta":{"footnotes":""},"categories":[18],"tags":[],"class_list":["post-98578","post","type-post","status-publish","format-standard","hentry","category-economia"],"_links":{"self":[{"href":"https:\/\/diariodominicano.com\/index.php?rest_route=\/wp\/v2\/posts\/98578","targetHints":{"allow":["GET"]}}],"collection":[{"href":"https:\/\/diariodominicano.com\/index.php?rest_route=\/wp\/v2\/posts"}],"about":[{"href":"https:\/\/diariodominicano.com\/index.php?rest_route=\/wp\/v2\/types\/post"}],"author":[{"embeddable":true,"href":"https:\/\/diariodominicano.com\/index.php?rest_route=\/wp\/v2\/users\/3"}],"replies":[{"embeddable":true,"href":"https:\/\/diariodominicano.com\/index.php?rest_route=%2Fwp%2Fv2%2Fcomments&post=98578"}],"version-history":[{"count":0,"href":"https:\/\/diariodominicano.com\/index.php?rest_route=\/wp\/v2\/posts\/98578\/revisions"}],"wp:attachment":[{"href":"https:\/\/diariodominicano.com\/index.php?rest_route=%2Fwp%2Fv2%2Fmedia&parent=98578"}],"wp:term":[{"taxonomy":"category","embeddable":true,"href":"https:\/\/diariodominicano.com\/index.php?rest_route=%2Fwp%2Fv2%2Fcategories&post=98578"},{"taxonomy":"post_tag","embeddable":true,"href":"https:\/\/diariodominicano.com\/index.php?rest_route=%2Fwp%2Fv2%2Ftags&post=98578"}],"curies":[{"name":"wp","href":"https:\/\/api.w.org\/{rel}","templated":true}]}}