{"id":98569,"date":"2013-12-10T15:56:09","date_gmt":"2013-12-10T15:56:09","guid":{"rendered":"http:\/\/diariodominicano.ddns.net\/?p=98569"},"modified":"2013-12-10T15:56:09","modified_gmt":"2013-12-10T15:56:09","slug":"asonahores-saluda-nacimiento-de-adoemastur","status":"publish","type":"post","link":"https:\/\/diariodominicano.com\/?p=98569","title":{"rendered":"ASONAHORES saluda nacimiento de ADOEMASTUR"},"content":{"rendered":"<p><body><\/p>\n<p><img decoding=\"async\" src=\"img3\/Grupo.jpg\" \/>  <\/p>\n<p>Santo Domingo RD 10 diciembre.- El desarrollo de la zona tur\u00edstica de B\u00e1varo y Punta Cana est\u00e1 permanentemente amenazado por la arrabalizaci\u00f3n, desorganizaci\u00f3n en el comercio con las ventas ambulantes y las deficiencias en los servicios que se ofrecen a los visitantes en las playas y otros lugares clave para el crecimiento sostenido que es capaz de generar la referida demarcaci\u00f3n.<\/p>\n<\/p>\n<p>La preocupaci\u00f3n es del joven empresario tur\u00edstico Ariel Carreras, en su discurso central tras ser juramentado como presidente de la naciente Asociaci\u00f3n Dominicana de Empresas Mar\u00edtimas y Servicios Tur\u00edsticos (ADOEMASTUR), acto realizado en el Hotel Meli\u00e1 Caribe de B\u00e1varo, al que asistieron decenas de representantes de diferentes \u00e1reas del desarrollo de B\u00e1varo y Punta Cana, incluyendo al se\u00f1or Arturo Villanueva, presidente de la Asociaci\u00f3n Nacional de Hoteles y Restaurantes (ASONAHORES).<\/p>\n<\/p>\n<p>Carreras asegur\u00f3 que el nuevo gremio tiene entre sus objetivos la organizaci\u00f3n de las empresas prestadoras de servicios, sobre todo las que realizan las llamadas ofertas complementarias en el sector tur\u00edstico.<\/p>\n<\/p>\n<p>\u00abEste nuevo gremio est\u00e1 comprometido y decidido a aportar su granito de arena en la soluci\u00f3n de tantos males que arrastra esta zona tur\u00edstica, a pesar del esfuerzo que reconocemos de las autoridades del Ministerio de Turismo y otros organismos oficiales\u00bb, expuso Carreras.<\/p>\n<\/p>\n<p>Precis\u00f3 que las empresas tur\u00edsticas que inciden en el sector se ven obstaculizadas en su desarrollo por la falta de competitividad y la desigual capacidad de respuesta frente a s\u00f3lidos competidores en el \u00e1rea del Am\u00e9rica Latina y el Caribe.<\/p>\n<\/p>\n<p>Dijo que ADOEMASTUR cuenta con m\u00e1s de 30 empresas prestadoras de servicios, y espera en que lo adelante se integren muchas m\u00e1s \u00abhasta convertirnos en un fuerte y decidido mecanismo de desarrollo sostenido del turismo en esta hermosa y calificada zona tur\u00edstica, con reconocimiento a nivel mundial\u00bb.<\/p>\n<\/p>\n<p>Carreras precis\u00f3 que \u00abla asociaci\u00f3n pretende ser parte de la soluci\u00f3n de los graves problemas que enfrenta esta zona tur\u00edstica, puesto que las empresas que representamos, debidamente constituidas, se han visto afectadas por las operaciones de piratas en el comercio y las ventas ilegales de servicios tur\u00edsticos\u00bb.<\/p>\n<\/p>\n<\/p>\n<p>Asonahores saluda gremio<\/p>\n<\/p>\n<p>Por su lado, Villanueva dio la bienvenida a la reci\u00e9n nacida ADOEMASTUR, gremio de empresas tur\u00edsticas que, seg\u00fan entiende, \u00abcontribuir\u00e1 a ser m\u00e1s celosos y vigilantes con los servicios que se ofrecen a los turistas en B\u00e1varo y Punta Cana, lo que estamos seguros coadyuvar\u00e1 con el desarrollo de la zona\u00bb.<\/p>\n<\/p>\n<p>Refiri\u00f3 que ASONAHORES brindar\u00e1 todo el apoyo necesario a ADOEMASTUR, \u00abpues vemos al gremio como un aliado en el prop\u00f3sito de todos de ver a esta zona cada m\u00e1s apreciada y valorada por los visitantes nacionales o extranjeros\u00bb.<\/p>\n<h6> 2013-12-10 15:56:09 <\/h6>\n<p><!--\n<link rel=\"stylesheet\" href=\"css\/bootstrap.min.css\">\n\n\n<ul class=\"pagination\">\n\t    \n\t\n\n<li >\n\t<a href='?page_no=14112'>Previous<\/a>\n\t<\/li>\n\n\n       \n    \n\n<li><a href='?page_no=1'>1<\/a><\/li>\n\n\n\n<li><a href='?page_no=2'>2<\/a><\/li>\n\n\n\n<li><a>...<\/a><\/li>\n\n\n\n<li><a href='?page_no=14111'>14111<\/a><\/li>\n\n\n\n<li><a href='?page_no=14112'>14112<\/a><\/li>\n\n\n\n<li class='active'><a>14113<\/a><\/li>\n\n\n\n<li><a href='?page_no=14114'>14114<\/a><\/li>\n\n\n\n<li><a href='?page_no=14115'>14115<\/a><\/li>\n\n\n\n<li><a>...<\/a><\/li>\n\n\n\n<li><a href='?page_no=30472'>30472<\/a><\/li>\n\n\n\n<li><a href='?page_no=30473'>30473<\/a><\/li>\n\n    \n\t\n\n<li >\n\t<a href='?page_no=14114'>Next<\/a>\n\t<\/li>\n\n\n    \n\n<li><a href='?page_no=30473'>Last &rsaquo;&rsaquo;<\/a><\/li>\n\n<\/ul>\n\n\n--><br \/>\n<\/body><\/p>\n","protected":false},"excerpt":{"rendered":"<p>Santo Domingo RD 10 diciembre.- El desarrollo de la zona tur\u00edstica de B\u00e1varo y Punta Cana est\u00e1 permanentemente amenazado por la arrabalizaci\u00f3n, desorganizaci\u00f3n en el comercio con las ventas ambulantes y las deficiencias en los servicios que se ofrecen a los visitantes en las playas y otros lugares clave para el crecimiento sostenido que es [&hellip;]<\/p>\n","protected":false},"author":3,"featured_media":0,"comment_status":"open","ping_status":"open","sticky":false,"template":"","format":"standard","meta":{"footnotes":""},"categories":[18],"tags":[],"class_list":["post-98569","post","type-post","status-publish","format-standard","hentry","category-economia"],"_links":{"self":[{"href":"https:\/\/diariodominicano.com\/index.php?rest_route=\/wp\/v2\/posts\/98569","targetHints":{"allow":["GET"]}}],"collection":[{"href":"https:\/\/diariodominicano.com\/index.php?rest_route=\/wp\/v2\/posts"}],"about":[{"href":"https:\/\/diariodominicano.com\/index.php?rest_route=\/wp\/v2\/types\/post"}],"author":[{"embeddable":true,"href":"https:\/\/diariodominicano.com\/index.php?rest_route=\/wp\/v2\/users\/3"}],"replies":[{"embeddable":true,"href":"https:\/\/diariodominicano.com\/index.php?rest_route=%2Fwp%2Fv2%2Fcomments&post=98569"}],"version-history":[{"count":0,"href":"https:\/\/diariodominicano.com\/index.php?rest_route=\/wp\/v2\/posts\/98569\/revisions"}],"wp:attachment":[{"href":"https:\/\/diariodominicano.com\/index.php?rest_route=%2Fwp%2Fv2%2Fmedia&parent=98569"}],"wp:term":[{"taxonomy":"category","embeddable":true,"href":"https:\/\/diariodominicano.com\/index.php?rest_route=%2Fwp%2Fv2%2Fcategories&post=98569"},{"taxonomy":"post_tag","embeddable":true,"href":"https:\/\/diariodominicano.com\/index.php?rest_route=%2Fwp%2Fv2%2Ftags&post=98569"}],"curies":[{"name":"wp","href":"https:\/\/api.w.org\/{rel}","templated":true}]}}