{"id":98563,"date":"2013-12-10T19:33:00","date_gmt":"2013-12-10T19:33:00","guid":{"rendered":"http:\/\/diariodominicano.ddns.net\/?p=98563"},"modified":"2013-12-10T19:33:00","modified_gmt":"2013-12-10T19:33:00","slug":"adozona-valora-gestion-del-presidente-medina-en-defensa-de-empresas-textiles-rd","status":"publish","type":"post","link":"https:\/\/diariodominicano.com\/?p=98563","title":{"rendered":"ADOZONA valora gesti\u00f3n del presidente Medina en defensa de empresas textiles RD&#13;"},"content":{"rendered":"<p><body><\/p>\n<p><img decoding=\"async\" src=\"img3\/Aquiles.jpg\" \/>  <\/p>\n<p><span class=\"text1noticias\">Santo Domingo, RD, 10 de Diciembre, CICOM.- La Asociaci\u00f3n Dominicana de Zonas Francas (ADOZONA) valor\u00f3 positivamente la gesti\u00f3n que realiza el presidente de la rep\u00fablica, licenciado Danilo Medina, en defensa de las empresas textiles y de confecci\u00f3n que operan en las zonas francas del pa\u00eds, ante las posibles implicaciones   del Tratado Trans-Pac\u00edfico de Asociaci\u00f3n Econ\u00f3mica (TPP).<\/span><\/p>\n<\/p>\n<p><span class=\"text1noticias\">Aquiles Berm\u00fadez, presidente de ADOZONA, consider\u00f3 pertinente y oportuno el inter\u00e9s que ha mostrado el mandatario dominicano para que el nuevo tratado que involucra a Estados Unidos y a varios pa\u00edses de Am\u00e9rica, Asia y Ocean\u00eda no incluya disposiciones y reglas de origen m\u00e1s flexibles que las del Tratado de Libre Comercio DR Cafta.<\/span><\/p>\n<\/p>\n<p><span class=\"text1noticias\">Explic\u00f3 que el Tratado Trans-Pac\u00edfico podr\u00eda representar una amenaza contra la estabilidad de las empresas de textiles y calzados que operan en las zonas francas del pa\u00eds y de las que dependen alrededor 60 mil empleos directos. <\/span><\/p>\n<\/p>\n<p><span class=\"text1noticias\">El presidente Medina envi\u00f3 una comunicaci\u00f3n al presidente estadounidense Barack Obama, donde reiter\u00f3 su preocupaci\u00f3n sobre el impacto negativo que podr\u00eda tener en nuestro pa\u00eds el Tratado Trans-Pac\u00edfico de Asociaci\u00f3n Econ\u00f3mica (TPP).<\/span><\/p>\n<\/p>\n<p><span class=\"text1noticias\">Berm\u00fadez record\u00f3 que el presidente Medina, juntos a sus colegas centroamericanos, trat\u00f3 el tema con el presidente Obama durante la pasada reuni\u00f3n del SIECA celebrada en San Jos\u00e9, Costa Rica, y adem\u00e1s envi\u00f3 una comunicaci\u00f3n reiterando su preocupaci\u00f3n por las implicaciones que tendr\u00eda el acuerdo para la Rep\u00fablica Dominicana.<\/span><\/p>\n<\/p>\n<p><span class=\"text1noticias\">El presidente de ADOZONA, Aquiles Berm\u00fadez, respald\u00f3 los t\u00e9rminos de la carta remitida por el presidente Medina al presidente Obama, y reconoci\u00f3 los riesgos que implicar\u00eda el TPP para los sectores textiles y calzado.<\/span><\/p>\n<\/p>\n<p><span class=\"text1noticias\">El Tratado Transpac\u00edfico es un acuerdo multilateral que agrupa actualmente a los Estados Unidos, Vietnam Chile, M\u00e9xico, Jap\u00f3n, Nueva Zelanda, Singapur, Australia, Malasia, Per\u00fa y Canad\u00e1.  El Objetivo del Acuerdo es la creaci\u00f3n de una plataforma para una potencial integraci\u00f3n econ\u00f3mica (libre comercio) en la regi\u00f3n del Asia-Pac\u00edfico. <\/span><\/p>\n<\/p>\n<p><span class=\"text1noticias\">El Presidente de ADOZONA resalt\u00f3 la necesidad de continuar  los esfuerzos que encabeza el presidente Medina y evitar que diversos sectores productivos del pa\u00eds se vean afectados, en caso de que el TPP incluya disposiciones que promuevan una competencia desigual con algunas econom\u00edas asi\u00e1ticas.(HG)<\/span>.<\/p>\n<h6> 2013-12-10 19:33:00 <\/h6>\n<p><!--\n<link rel=\"stylesheet\" href=\"css\/bootstrap.min.css\">\n\n\n<ul class=\"pagination\">\n\t    \n\t\n\n<li >\n\t<a href='?page_no=14107'>Previous<\/a>\n\t<\/li>\n\n\n       \n    \n\n<li><a href='?page_no=1'>1<\/a><\/li>\n\n\n\n<li><a href='?page_no=2'>2<\/a><\/li>\n\n\n\n<li><a>...<\/a><\/li>\n\n\n\n<li><a href='?page_no=14106'>14106<\/a><\/li>\n\n\n\n<li><a href='?page_no=14107'>14107<\/a><\/li>\n\n\n\n<li class='active'><a>14108<\/a><\/li>\n\n\n\n<li><a href='?page_no=14109'>14109<\/a><\/li>\n\n\n\n<li><a href='?page_no=14110'>14110<\/a><\/li>\n\n\n\n<li><a>...<\/a><\/li>\n\n\n\n<li><a href='?page_no=30472'>30472<\/a><\/li>\n\n\n\n<li><a href='?page_no=30473'>30473<\/a><\/li>\n\n    \n\t\n\n<li >\n\t<a href='?page_no=14109'>Next<\/a>\n\t<\/li>\n\n\n    \n\n<li><a href='?page_no=30473'>Last &rsaquo;&rsaquo;<\/a><\/li>\n\n<\/ul>\n\n\n--><br \/>\n<\/body><\/p>\n","protected":false},"excerpt":{"rendered":"<p>Santo Domingo, RD, 10 de Diciembre, CICOM.- La Asociaci\u00f3n Dominicana de Zonas Francas (ADOZONA) valor\u00f3 positivamente la gesti\u00f3n que realiza el presidente de la rep\u00fablica, licenciado Danilo Medina, en defensa de las empresas textiles y de confecci\u00f3n que operan en las zonas francas del pa\u00eds, ante las posibles implicaciones del Tratado Trans-Pac\u00edfico de Asociaci\u00f3n Econ\u00f3mica [&hellip;]<\/p>\n","protected":false},"author":3,"featured_media":0,"comment_status":"open","ping_status":"open","sticky":false,"template":"","format":"standard","meta":{"footnotes":""},"categories":[18],"tags":[],"class_list":["post-98563","post","type-post","status-publish","format-standard","hentry","category-economia"],"_links":{"self":[{"href":"https:\/\/diariodominicano.com\/index.php?rest_route=\/wp\/v2\/posts\/98563","targetHints":{"allow":["GET"]}}],"collection":[{"href":"https:\/\/diariodominicano.com\/index.php?rest_route=\/wp\/v2\/posts"}],"about":[{"href":"https:\/\/diariodominicano.com\/index.php?rest_route=\/wp\/v2\/types\/post"}],"author":[{"embeddable":true,"href":"https:\/\/diariodominicano.com\/index.php?rest_route=\/wp\/v2\/users\/3"}],"replies":[{"embeddable":true,"href":"https:\/\/diariodominicano.com\/index.php?rest_route=%2Fwp%2Fv2%2Fcomments&post=98563"}],"version-history":[{"count":0,"href":"https:\/\/diariodominicano.com\/index.php?rest_route=\/wp\/v2\/posts\/98563\/revisions"}],"wp:attachment":[{"href":"https:\/\/diariodominicano.com\/index.php?rest_route=%2Fwp%2Fv2%2Fmedia&parent=98563"}],"wp:term":[{"taxonomy":"category","embeddable":true,"href":"https:\/\/diariodominicano.com\/index.php?rest_route=%2Fwp%2Fv2%2Fcategories&post=98563"},{"taxonomy":"post_tag","embeddable":true,"href":"https:\/\/diariodominicano.com\/index.php?rest_route=%2Fwp%2Fv2%2Ftags&post=98563"}],"curies":[{"name":"wp","href":"https:\/\/api.w.org\/{rel}","templated":true}]}}